{"id":7577,"date":"2026-08-07T14:00:33","date_gmt":"2026-08-07T14:00:33","guid":{"rendered":"https:\/\/neuroforma.com.br\/novo\/?p=7577"},"modified":"2026-08-07T14:00:33","modified_gmt":"2026-08-07T14:00:33","slug":"o-cerebro-nao-deve-ficar-parado","status":"publish","type":"post","link":"https:\/\/neuroforma.com.br\/novo\/o-cerebro-nao-deve-ficar-parado\/","title":{"rendered":"O c\u00e9rebro n\u00e3o deve ficar parado"},"content":{"rendered":"<p><img loading=\"lazy\" decoding=\"async\" class=\"aligncenter size-full wp-image-7578\" src=\"https:\/\/neuroforma.com.br\/novo\/wp-content\/uploads\/2026\/08\/chamada.png\" alt=\"\" width=\"1173\" height=\"1218\" \/><\/p>\n<div class=\"no-paywall\">\n<div class=\"mc-column content-text active-extra-styles active-capital-letter\" data-block-type=\"unstyled\" data-block-weight=\"61\" data-block-id=\"2\">\n<p class=\" content-text__container theme-color-primary-first-letter\" data-track-category=\"Link no Texto\" data-track-links=\"\" data-mrf-recirculation=\"Article links\">A dem\u00eancia n\u00e3o come\u00e7a necessariamente quando algu\u00e9m esquece um nome, repete uma pergunta ou se perde no caminho de casa. Pode come\u00e7ar d\u00e9cadas antes, na press\u00e3o alta sem controle, no cigarro que parecia apenas um h\u00e1bito, no diabetes mal tratado, na perda auditiva ignorada, no isolamento social que virou rotina e nos dias em que o corpo quase n\u00e3o se mexeu.<\/p>\n<\/div>\n<div class=\"mc-column content-text active-extra-styles \" data-block-type=\"unstyled\" data-block-weight=\"67\" data-block-id=\"3\">\n<p class=\" content-text__container \" data-track-category=\"Link no Texto\" data-track-links=\"\" data-mrf-recirculation=\"Article links\">Durante muito tempo, a dem\u00eancia foi tratada como uma senten\u00e7a escrita pela idade ou pela gen\u00e9tica. Como se o c\u00e9rebro envelhecesse sozinho, trancado dentro do cr\u00e2nio, imune ao que acontece no resto do corpo. A ci\u00eancia tem mostrado outra hist\u00f3ria. O c\u00e9rebro envelhece junto com as art\u00e9rias, com o sono, com o metabolismo, com os m\u00fasculos, com os v\u00ednculos sociais e at\u00e9 com o ar que respiramos.<\/p>\n<\/div>\n<div id=\"pub-in-text-wrapper\">\n<div id=\"pub-in-text\"><\/div>\n<\/div>\n<div class=\"mc-column content-text active-extra-styles \" data-block-type=\"unstyled\" data-block-weight=\"97\" data-block-id=\"4\">\n<p class=\" content-text__container \" data-track-category=\"Link no Texto\" data-track-links=\"\" data-mrf-recirculation=\"Article links\">Em julho de 2026, a Organiza\u00e7\u00e3o Mundial da Sa\u00fade (OMS) publicou novas diretrizes para redu\u00e7\u00e3o do risco de decl\u00ednio cognitivo e dem\u00eancia. O dado que mais chama aten\u00e7\u00e3o \u00e9 este: at\u00e9 45% do risco de dem\u00eancia pode estar relacionado a fatores modific\u00e1veis. N\u00e3o significa que exista uma f\u00f3rmula capaz de impedir quase metade dos casos em qualquer pessoa. \u00c9 uma estimativa populacional, baseada na soma de v\u00e1rios fatores ao longo da vida. Mas o recado \u00e9 poderoso: a dem\u00eancia n\u00e3o deve ser vista apenas como destino inevit\u00e1vel. Existe uma parte da hist\u00f3ria sobre a qual podemos agir.<\/p>\n<\/div>\n<div class=\"mc-column content-text active-extra-styles \" data-block-type=\"unstyled\" data-block-weight=\"55\" data-block-id=\"5\">\n<p class=\" content-text__container \" data-track-category=\"Link no Texto\" data-track-links=\"\" data-mrf-recirculation=\"Article links\">Entre esses fatores est\u00e3o tabagismo, \u00e1lcool, isolamento social, inatividade f\u00edsica, polui\u00e7\u00e3o do ar, hipertens\u00e3o e diabetes. A lista \u00e9 ampla, mas h\u00e1 um ponto especialmente democr\u00e1tico: mexer o corpo. A atividade f\u00edsica n\u00e3o exige tecnologia sofisticada, n\u00e3o depende de uma descoberta futurista e n\u00e3o precisa come\u00e7ar com desempenho de atleta. Pode come\u00e7ar com uma caminhada.<\/p>\n<\/div>\n<div class=\"mc-column content-text active-extra-styles \" data-block-type=\"unstyled\" data-block-weight=\"69\" data-block-id=\"6\">\n<p class=\" content-text__container \" data-track-category=\"Link no Texto\" data-track-links=\"\" data-mrf-recirculation=\"Article links\">O mais interessante \u00e9 que o exerc\u00edcio n\u00e3o protege o c\u00e9rebro apenas por melhorar o corpo. Ele tamb\u00e9m parece agir diretamente sobre a mente. Uma grande an\u00e1lise publicada em 2025 reuniu 30 revis\u00f5es cient\u00edficas, 383 estudos e mais de 18 mil participantes, e mostrou que uma \u00fanica sess\u00e3o de exerc\u00edcio j\u00e1 produz melhora modesta da cogni\u00e7\u00e3o no mesmo dia, especialmente em aten\u00e7\u00e3o, mem\u00f3ria, fun\u00e7\u00e3o executiva e velocidade de processamento.<\/p>\n<\/div>\n<div class=\"mc-column content-text active-extra-styles \" data-block-type=\"unstyled\" data-block-weight=\"69\" data-block-id=\"7\">\n<p class=\" content-text__container \" data-track-category=\"Link no Texto\" data-track-links=\"\" data-mrf-recirculation=\"Article links\">A palavra \u201cmodesta\u201d evita exageros, mas n\u00e3o tira a for\u00e7a do achado. Ningu\u00e9m volta de uma caminhada com supermem\u00f3ria. Ainda assim, h\u00e1 algo fascinante em saber que o c\u00e9rebro responde antes do espelho, antes da balan\u00e7a e antes do condicionamento f\u00edsico. O exerc\u00edcio n\u00e3o \u00e9 apenas uma aposta para proteger a mente no futuro. \u00c9 tamb\u00e9m um est\u00edmulo imediato para um c\u00e9rebro que entende movimento como sinal de vida.<\/p>\n<\/div>\n<div class=\"mc-column content-text active-extra-styles \" data-block-type=\"unstyled\" data-block-weight=\"87\" data-block-id=\"8\">\n<p class=\" content-text__container \" data-track-category=\"Link no Texto\" data-track-links=\"\" data-mrf-recirculation=\"Article links\">Parte dessa resposta passa pelo aumento do fluxo de sangue cerebral. Parte passa por mol\u00e9culas que funcionam como mensageiros entre m\u00fasculo, vasos e neur\u00f4nios. Uma delas \u00e9 o BDNF, descrito como uma esp\u00e9cie de fertilizante cerebral, porque favorece adapta\u00e7\u00e3o e comunica\u00e7\u00e3o entre neur\u00f4nios. At\u00e9 o lactato, por muito tempo tratado apenas como res\u00edduo do esfor\u00e7o muscular, ganhou novo papel: pode participar de sinais ligados \u00e0 mem\u00f3ria e \u00e0 plasticidade cerebral. \u00c9 como se o m\u00fasculo em movimento enviasse bilhetes qu\u00edmicos ao c\u00e9rebro dizendo: acorde, adapte-se, funcione melhor.<\/p>\n<\/div>\n<div class=\"content-ads content-ads--reveal\" data-block-type=\"ads\" data-block-id=\"9\">\n<div id=\"banner_materia2\" class=\"tag-manager-publicidade-container mc-has-reveal mc-has-ad-lazyload\" data-id=\"banner_materia2\"><\/div>\n<\/div>\n<div class=\"mc-column content-text active-extra-styles \" data-block-type=\"unstyled\" data-block-weight=\"57\" data-block-id=\"10\">\n<p class=\" content-text__container \" data-track-category=\"Link no Texto\" data-track-links=\"\" data-mrf-recirculation=\"Article links\">No longo prazo, a hist\u00f3ria fica ainda mais relevante. A atividade f\u00edsica ajuda a controlar a press\u00e3o, melhora a sensibilidade \u00e0 insulina, reduz risco vascular, preserva massa muscular, melhora o sono e combate parte do isolamento que acompanha o envelhecimento. Dem\u00eancia, na vida real, raramente nasce de um \u00fanico caminho. Costuma ser a soma de vulnerabilidades acumuladas.<\/p>\n<\/div>\n<div class=\"mc-column content-text active-extra-styles \" data-block-type=\"unstyled\" data-block-weight=\"66\" data-block-id=\"11\">\n<p class=\" content-text__container \" data-track-category=\"Link no Texto\" data-track-links=\"\" data-mrf-recirculation=\"Article links\">A pergunta pr\u00e1tica \u00e9 inevit\u00e1vel: quanto exerc\u00edcio \u00e9 preciso? A resposta mais honesta \u00e9 que qualquer movimento sustentado j\u00e1 \u00e9 melhor do que a imobilidade. As recomenda\u00e7\u00f5es gerais continuam sendo uma boa b\u00fassola: atividade aer\u00f3bica regular, fortalecimento muscular e redu\u00e7\u00e3o do tempo sentado. Caminhar, nadar, pedalar, dan\u00e7ar, subir escadas ou fazer muscula\u00e7\u00e3o s\u00e3o formas diferentes de mandar a mesma mensagem ao c\u00e9rebro: ainda estamos em uso.<\/p>\n<\/div>\n<div class=\"mc-column content-text active-extra-styles \" data-block-type=\"unstyled\" data-block-weight=\"49\" data-block-id=\"12\">\n<p class=\" content-text__container \" data-track-category=\"Link no Texto\" data-track-links=\"\" data-mrf-recirculation=\"Article links\">Nenhum exerc\u00edcio garante que algu\u00e9m nunca ter\u00e1 dem\u00eancia. Mas a imobilidade tamb\u00e9m n\u00e3o \u00e9 inocente. O c\u00e9rebro n\u00e3o foi feito para envelhecer sentado, assistindo \u00e0 vida passar. Ele precisa de sangue, est\u00edmulo, m\u00fasculo, mundo. Talvez cuidar da mem\u00f3ria seja, antes de tudo, isto: levantar-se enquanto ainda lembramos o caminho.<\/p>\n<p>Quer ter um c\u00e9rebro turbinado e mais saud\u00e1vel em qualquer idade? A plataforma de treinamento cognitivo digital BrainHQ \u2013 que a NeuroForma Tecnologias oferece no Brasil e pa\u00edses de lingua portuguesa em parceria com a Posit Science (EUA), disponibiliza mais de 40 cursos e exerc\u00edcios que ajudam a melhorar performance e a sa\u00fade do seu c\u00e9rebro. Al\u00e9m do treino de velocidade cerebral, a plataforma disponibiliza treinamento de aten\u00e7\u00e3o, mem\u00f3ria, habilidades sociais, resolu\u00e7\u00e3o de problemas, entre outros. Somos uma plataforma completa de treinamento cognitivo para aprimorar as fun\u00e7\u00f5es cerebrais.<\/p>\n<p>Acesse e confira\u00a0<a href=\"https:\/\/neuroforma.com.br\/novo\/neuro-blog\/\">AQUI.<\/a><\/p>\n<\/div>\n<\/div>\n","protected":false},"excerpt":{"rendered":"<p>A dem\u00eancia n\u00e3o come\u00e7a necessariamente quando algu\u00e9m esquece um nome, repete uma pergunta ou se perde no caminho de casa. Pode come\u00e7ar d\u00e9cadas antes, na press\u00e3o alta sem controle, no cigarro que parecia apenas um h\u00e1bito, no diabetes mal tratado, na perda auditiva ignorada, no isolamento social que virou rotina e nos dias em que &hellip; <a href=\"https:\/\/neuroforma.com.br\/novo\/o-cerebro-nao-deve-ficar-parado\/\" class=\"more-link\">Continue lendo <span class=\"screen-reader-text\">O c\u00e9rebro n\u00e3o deve ficar parado<\/span> <span class=\"meta-nav\">&rarr;<\/span><\/a><\/p>\n","protected":false},"author":1,"featured_media":7578,"comment_status":"closed","ping_status":"closed","sticky":false,"template":"","format":"standard","meta":{"footnotes":""},"categories":[1],"tags":[],"class_list":["post-7577","post","type-post","status-publish","format-standard","has-post-thumbnail","hentry","category-uncategorized","repupress_customize_woocommerce_productom_class"],"yoast_head":"<!-- This site is optimized with the Yoast SEO plugin v27.2 - https:\/\/yoast.com\/product\/yoast-seo-wordpress\/ -->\n<title>O c\u00e9rebro n\u00e3o deve ficar parado -<\/title>\n<meta name=\"robots\" content=\"index, follow, max-snippet:-1, max-image-preview:large, max-video-preview:-1\" \/>\n<link rel=\"canonical\" href=\"https:\/\/neuroforma.com.br\/novo\/o-cerebro-nao-deve-ficar-parado\/\" \/>\n<meta property=\"og:locale\" content=\"pt_BR\" \/>\n<meta property=\"og:type\" content=\"article\" \/>\n<meta property=\"og:title\" content=\"O c\u00e9rebro n\u00e3o deve ficar parado -\" \/>\n<meta property=\"og:description\" content=\"A dem\u00eancia n\u00e3o come\u00e7a necessariamente quando algu\u00e9m esquece um nome, repete uma pergunta ou se perde no caminho de casa. Pode come\u00e7ar d\u00e9cadas antes, na press\u00e3o alta sem controle, no cigarro que parecia apenas um h\u00e1bito, no diabetes mal tratado, na perda auditiva ignorada, no isolamento social que virou rotina e nos dias em que &hellip; Continue lendo O c\u00e9rebro n\u00e3o deve ficar parado &rarr;\" \/>\n<meta property=\"og:url\" content=\"https:\/\/neuroforma.com.br\/novo\/o-cerebro-nao-deve-ficar-parado\/\" \/>\n<meta property=\"article:published_time\" content=\"2026-08-07T14:00:33+00:00\" \/>\n<meta property=\"og:image\" content=\"https:\/\/neuroforma.com.br\/novo\/wp-content\/uploads\/2026\/08\/chamada-e1786111218269-1024x786.png\" \/>\n\t<meta property=\"og:image:width\" content=\"1024\" \/>\n\t<meta property=\"og:image:height\" content=\"786\" \/>\n\t<meta property=\"og:image:type\" content=\"image\/png\" \/>\n<meta name=\"author\" content=\"admin\" \/>\n<meta name=\"twitter:label1\" content=\"Escrito por\" \/>\n\t<meta name=\"twitter:data1\" content=\"admin\" \/>\n\t<meta name=\"twitter:label2\" content=\"Est. tempo de leitura\" \/>\n\t<meta name=\"twitter:data2\" content=\"5 minutos\" \/>\n<script type=\"application\/ld+json\" class=\"yoast-schema-graph\">{\"@context\":\"https:\/\/schema.org\",\"@graph\":[{\"@type\":\"Article\",\"@id\":\"https:\/\/neuroforma.com.br\/novo\/o-cerebro-nao-deve-ficar-parado\/#article\",\"isPartOf\":{\"@id\":\"https:\/\/neuroforma.com.br\/novo\/o-cerebro-nao-deve-ficar-parado\/\"},\"author\":{\"name\":\"admin\",\"@id\":\"https:\/\/neuroforma.com.br\/novo\/#\/schema\/person\/12d211761dd8050314f7756a31961c56\"},\"headline\":\"O c\u00e9rebro n\u00e3o deve ficar parado\",\"datePublished\":\"2026-08-07T14:00:33+00:00\",\"mainEntityOfPage\":{\"@id\":\"https:\/\/neuroforma.com.br\/novo\/o-cerebro-nao-deve-ficar-parado\/\"},\"wordCount\":871,\"image\":{\"@id\":\"https:\/\/neuroforma.com.br\/novo\/o-cerebro-nao-deve-ficar-parado\/#primaryimage\"},\"thumbnailUrl\":\"https:\/\/neuroforma.com.br\/novo\/wp-content\/uploads\/2026\/08\/chamada-e1786111218269.png\",\"articleSection\":[\"Uncategorized\"],\"inLanguage\":\"pt-BR\"},{\"@type\":\"WebPage\",\"@id\":\"https:\/\/neuroforma.com.br\/novo\/o-cerebro-nao-deve-ficar-parado\/\",\"url\":\"https:\/\/neuroforma.com.br\/novo\/o-cerebro-nao-deve-ficar-parado\/\",\"name\":\"O c\u00e9rebro n\u00e3o deve ficar parado -\",\"isPartOf\":{\"@id\":\"https:\/\/neuroforma.com.br\/novo\/#website\"},\"primaryImageOfPage\":{\"@id\":\"https:\/\/neuroforma.com.br\/novo\/o-cerebro-nao-deve-ficar-parado\/#primaryimage\"},\"image\":{\"@id\":\"https:\/\/neuroforma.com.br\/novo\/o-cerebro-nao-deve-ficar-parado\/#primaryimage\"},\"thumbnailUrl\":\"https:\/\/neuroforma.com.br\/novo\/wp-content\/uploads\/2026\/08\/chamada-e1786111218269.png\",\"datePublished\":\"2026-08-07T14:00:33+00:00\",\"author\":{\"@id\":\"https:\/\/neuroforma.com.br\/novo\/#\/schema\/person\/12d211761dd8050314f7756a31961c56\"},\"breadcrumb\":{\"@id\":\"https:\/\/neuroforma.com.br\/novo\/o-cerebro-nao-deve-ficar-parado\/#breadcrumb\"},\"inLanguage\":\"pt-BR\",\"potentialAction\":[{\"@type\":\"ReadAction\",\"target\":[\"https:\/\/neuroforma.com.br\/novo\/o-cerebro-nao-deve-ficar-parado\/\"]}]},{\"@type\":\"ImageObject\",\"inLanguage\":\"pt-BR\",\"@id\":\"https:\/\/neuroforma.com.br\/novo\/o-cerebro-nao-deve-ficar-parado\/#primaryimage\",\"url\":\"https:\/\/neuroforma.com.br\/novo\/wp-content\/uploads\/2026\/08\/chamada-e1786111218269.png\",\"contentUrl\":\"https:\/\/neuroforma.com.br\/novo\/wp-content\/uploads\/2026\/08\/chamada-e1786111218269.png\",\"width\":1173,\"height\":900},{\"@type\":\"BreadcrumbList\",\"@id\":\"https:\/\/neuroforma.com.br\/novo\/o-cerebro-nao-deve-ficar-parado\/#breadcrumb\",\"itemListElement\":[{\"@type\":\"ListItem\",\"position\":1,\"name\":\"Home\",\"item\":\"https:\/\/neuroforma.com.br\/novo\/\"},{\"@type\":\"ListItem\",\"position\":2,\"name\":\"O c\u00e9rebro n\u00e3o deve ficar parado\"}]},{\"@type\":\"WebSite\",\"@id\":\"https:\/\/neuroforma.com.br\/novo\/#website\",\"url\":\"https:\/\/neuroforma.com.br\/novo\/\",\"name\":\"\",\"description\":\"\",\"potentialAction\":[{\"@type\":\"SearchAction\",\"target\":{\"@type\":\"EntryPoint\",\"urlTemplate\":\"https:\/\/neuroforma.com.br\/novo\/?s={search_term_string}\"},\"query-input\":{\"@type\":\"PropertyValueSpecification\",\"valueRequired\":true,\"valueName\":\"search_term_string\"}}],\"inLanguage\":\"pt-BR\"},{\"@type\":\"Person\",\"@id\":\"https:\/\/neuroforma.com.br\/novo\/#\/schema\/person\/12d211761dd8050314f7756a31961c56\",\"name\":\"admin\",\"image\":{\"@type\":\"ImageObject\",\"inLanguage\":\"pt-BR\",\"@id\":\"https:\/\/secure.gravatar.com\/avatar\/78c99431103c8eac07c3e394450e82f604cfb9126e1520128d5a7033920b57e5?s=96&d=mm&r=g\",\"url\":\"https:\/\/secure.gravatar.com\/avatar\/78c99431103c8eac07c3e394450e82f604cfb9126e1520128d5a7033920b57e5?s=96&d=mm&r=g\",\"contentUrl\":\"https:\/\/secure.gravatar.com\/avatar\/78c99431103c8eac07c3e394450e82f604cfb9126e1520128d5a7033920b57e5?s=96&d=mm&r=g\",\"caption\":\"admin\"},\"url\":\"https:\/\/neuroforma.com.br\/novo\/author\/admin\/\"}]}<\/script>\n<!-- \/ Yoast SEO plugin. -->","yoast_head_json":{"title":"O c\u00e9rebro n\u00e3o deve ficar parado -","robots":{"index":"index","follow":"follow","max-snippet":"max-snippet:-1","max-image-preview":"max-image-preview:large","max-video-preview":"max-video-preview:-1"},"canonical":"https:\/\/neuroforma.com.br\/novo\/o-cerebro-nao-deve-ficar-parado\/","og_locale":"pt_BR","og_type":"article","og_title":"O c\u00e9rebro n\u00e3o deve ficar parado -","og_description":"A dem\u00eancia n\u00e3o come\u00e7a necessariamente quando algu\u00e9m esquece um nome, repete uma pergunta ou se perde no caminho de casa. Pode come\u00e7ar d\u00e9cadas antes, na press\u00e3o alta sem controle, no cigarro que parecia apenas um h\u00e1bito, no diabetes mal tratado, na perda auditiva ignorada, no isolamento social que virou rotina e nos dias em que &hellip; Continue lendo O c\u00e9rebro n\u00e3o deve ficar parado &rarr;","og_url":"https:\/\/neuroforma.com.br\/novo\/o-cerebro-nao-deve-ficar-parado\/","article_published_time":"2026-08-07T14:00:33+00:00","og_image":[{"width":1024,"height":786,"url":"https:\/\/neuroforma.com.br\/novo\/wp-content\/uploads\/2026\/08\/chamada-e1786111218269-1024x786.png","type":"image\/png"}],"author":"admin","twitter_misc":{"Escrito por":"admin","Est. tempo de leitura":"5 minutos"},"schema":{"@context":"https:\/\/schema.org","@graph":[{"@type":"Article","@id":"https:\/\/neuroforma.com.br\/novo\/o-cerebro-nao-deve-ficar-parado\/#article","isPartOf":{"@id":"https:\/\/neuroforma.com.br\/novo\/o-cerebro-nao-deve-ficar-parado\/"},"author":{"name":"admin","@id":"https:\/\/neuroforma.com.br\/novo\/#\/schema\/person\/12d211761dd8050314f7756a31961c56"},"headline":"O c\u00e9rebro n\u00e3o deve ficar parado","datePublished":"2026-08-07T14:00:33+00:00","mainEntityOfPage":{"@id":"https:\/\/neuroforma.com.br\/novo\/o-cerebro-nao-deve-ficar-parado\/"},"wordCount":871,"image":{"@id":"https:\/\/neuroforma.com.br\/novo\/o-cerebro-nao-deve-ficar-parado\/#primaryimage"},"thumbnailUrl":"https:\/\/neuroforma.com.br\/novo\/wp-content\/uploads\/2026\/08\/chamada-e1786111218269.png","articleSection":["Uncategorized"],"inLanguage":"pt-BR"},{"@type":"WebPage","@id":"https:\/\/neuroforma.com.br\/novo\/o-cerebro-nao-deve-ficar-parado\/","url":"https:\/\/neuroforma.com.br\/novo\/o-cerebro-nao-deve-ficar-parado\/","name":"O c\u00e9rebro n\u00e3o deve ficar parado -","isPartOf":{"@id":"https:\/\/neuroforma.com.br\/novo\/#website"},"primaryImageOfPage":{"@id":"https:\/\/neuroforma.com.br\/novo\/o-cerebro-nao-deve-ficar-parado\/#primaryimage"},"image":{"@id":"https:\/\/neuroforma.com.br\/novo\/o-cerebro-nao-deve-ficar-parado\/#primaryimage"},"thumbnailUrl":"https:\/\/neuroforma.com.br\/novo\/wp-content\/uploads\/2026\/08\/chamada-e1786111218269.png","datePublished":"2026-08-07T14:00:33+00:00","author":{"@id":"https:\/\/neuroforma.com.br\/novo\/#\/schema\/person\/12d211761dd8050314f7756a31961c56"},"breadcrumb":{"@id":"https:\/\/neuroforma.com.br\/novo\/o-cerebro-nao-deve-ficar-parado\/#breadcrumb"},"inLanguage":"pt-BR","potentialAction":[{"@type":"ReadAction","target":["https:\/\/neuroforma.com.br\/novo\/o-cerebro-nao-deve-ficar-parado\/"]}]},{"@type":"ImageObject","inLanguage":"pt-BR","@id":"https:\/\/neuroforma.com.br\/novo\/o-cerebro-nao-deve-ficar-parado\/#primaryimage","url":"https:\/\/neuroforma.com.br\/novo\/wp-content\/uploads\/2026\/08\/chamada-e1786111218269.png","contentUrl":"https:\/\/neuroforma.com.br\/novo\/wp-content\/uploads\/2026\/08\/chamada-e1786111218269.png","width":1173,"height":900},{"@type":"BreadcrumbList","@id":"https:\/\/neuroforma.com.br\/novo\/o-cerebro-nao-deve-ficar-parado\/#breadcrumb","itemListElement":[{"@type":"ListItem","position":1,"name":"Home","item":"https:\/\/neuroforma.com.br\/novo\/"},{"@type":"ListItem","position":2,"name":"O c\u00e9rebro n\u00e3o deve ficar parado"}]},{"@type":"WebSite","@id":"https:\/\/neuroforma.com.br\/novo\/#website","url":"https:\/\/neuroforma.com.br\/novo\/","name":"","description":"","potentialAction":[{"@type":"SearchAction","target":{"@type":"EntryPoint","urlTemplate":"https:\/\/neuroforma.com.br\/novo\/?s={search_term_string}"},"query-input":{"@type":"PropertyValueSpecification","valueRequired":true,"valueName":"search_term_string"}}],"inLanguage":"pt-BR"},{"@type":"Person","@id":"https:\/\/neuroforma.com.br\/novo\/#\/schema\/person\/12d211761dd8050314f7756a31961c56","name":"admin","image":{"@type":"ImageObject","inLanguage":"pt-BR","@id":"https:\/\/secure.gravatar.com\/avatar\/78c99431103c8eac07c3e394450e82f604cfb9126e1520128d5a7033920b57e5?s=96&d=mm&r=g","url":"https:\/\/secure.gravatar.com\/avatar\/78c99431103c8eac07c3e394450e82f604cfb9126e1520128d5a7033920b57e5?s=96&d=mm&r=g","contentUrl":"https:\/\/secure.gravatar.com\/avatar\/78c99431103c8eac07c3e394450e82f604cfb9126e1520128d5a7033920b57e5?s=96&d=mm&r=g","caption":"admin"},"url":"https:\/\/neuroforma.com.br\/novo\/author\/admin\/"}]}},"_links":{"self":[{"href":"https:\/\/neuroforma.com.br\/novo\/wp-json\/wp\/v2\/posts\/7577","targetHints":{"allow":["GET"]}}],"collection":[{"href":"https:\/\/neuroforma.com.br\/novo\/wp-json\/wp\/v2\/posts"}],"about":[{"href":"https:\/\/neuroforma.com.br\/novo\/wp-json\/wp\/v2\/types\/post"}],"author":[{"embeddable":true,"href":"https:\/\/neuroforma.com.br\/novo\/wp-json\/wp\/v2\/users\/1"}],"replies":[{"embeddable":true,"href":"https:\/\/neuroforma.com.br\/novo\/wp-json\/wp\/v2\/comments?post=7577"}],"version-history":[{"count":1,"href":"https:\/\/neuroforma.com.br\/novo\/wp-json\/wp\/v2\/posts\/7577\/revisions"}],"predecessor-version":[{"id":7580,"href":"https:\/\/neuroforma.com.br\/novo\/wp-json\/wp\/v2\/posts\/7577\/revisions\/7580"}],"wp:featuredmedia":[{"embeddable":true,"href":"https:\/\/neuroforma.com.br\/novo\/wp-json\/wp\/v2\/media\/7578"}],"wp:attachment":[{"href":"https:\/\/neuroforma.com.br\/novo\/wp-json\/wp\/v2\/media?parent=7577"}],"wp:term":[{"taxonomy":"category","embeddable":true,"href":"https:\/\/neuroforma.com.br\/novo\/wp-json\/wp\/v2\/categories?post=7577"},{"taxonomy":"post_tag","embeddable":true,"href":"https:\/\/neuroforma.com.br\/novo\/wp-json\/wp\/v2\/tags?post=7577"}],"curies":[{"name":"wp","href":"https:\/\/api.w.org\/{rel}","templated":true}]}}