{"id":6233,"date":"2022-09-19T12:49:15","date_gmt":"2022-09-19T12:49:15","guid":{"rendered":"https:\/\/neuroforma.com.br\/novo\/?p=6233"},"modified":"2022-09-19T12:54:00","modified_gmt":"2022-09-19T12:54:00","slug":"envelhecimento-do-cerebro-entenda-10-mitos-e-verdades","status":"publish","type":"post","link":"https:\/\/neuroforma.com.br\/novo\/envelhecimento-do-cerebro-entenda-10-mitos-e-verdades\/","title":{"rendered":"Envelhecimento do c\u00e9rebro: entenda 10 mitos e verdades"},"content":{"rendered":"\n<p>Como qualquer \u00f3rg\u00e3o do corpo humano, o c\u00e9rebro tamb\u00e9m passa por altera\u00e7\u00f5es e mudan\u00e7as ao longo dos anos, caracter\u00edsticas do seu envelhecimento. Essas altera\u00e7\u00f5es n\u00e3o ocorrem apenas nas estruturas do \u00f3rg\u00e3o, mas tamb\u00e9m na execu\u00e7\u00e3o das suas fun\u00e7\u00f5es. Nos c\u00e9rebros idosos, por exemplo, h\u00e1 uma perda de sintonia entre as regi\u00f5es, o que impacta diretamente no funcionamento do c\u00e9rebro.<\/p>\n\n\n\n<p>O Dr. Marcelo Valadares, m\u00e9dico neurocirurgi\u00e3o do Hospital Albert Einstein e pesquisador da Unicamp, esclarece as principais curiosidades sobre a sa\u00fade e o envelhecimento cerebral. Confira!&nbsp;<\/p>\n\n\n\n<h2 class=\"has-medium-font-size wp-block-heading\"><strong>1 &#8211; O tamanho do c\u00e9rebro pode diminuir com a idade<\/strong><\/h2>\n\n\n\n<p>Verdade. De acordo com o m\u00e9dico, a redu\u00e7\u00e3o do volume do c\u00e9rebro \u00e9 comum durante o envelhecimento. Isso se deve \u00e0 diminui\u00e7\u00e3o no n\u00famero de c\u00e9lulas, entre elas, os neur\u00f4nios, que s\u00e3o os principais respons\u00e1veis pelo funcionamento do \u00f3rg\u00e3o.&nbsp;<\/p>\n\n\n\n<p>&#8220;Al\u00e9m disso, acontece tamb\u00e9m uma diminui\u00e7\u00e3o das conex\u00f5es entre os neur\u00f4nios. Esta altera\u00e7\u00e3o do volume cerebral tamb\u00e9m \u00e9 chamada de atrofia e pode ser maior ou menor, de acordo com outras condi\u00e7\u00f5es de sa\u00fade, que variam para cada pessoa&#8221;, explica o especialista.<\/p>\n\n\n\n<h2 class=\"has-medium-font-size wp-block-heading\"><strong>2 &#8211; Exames preventivos podem contribuir para evitar o envelhecimento do c\u00e9rebro<\/strong><\/h2>\n\n\n\n<p>Mito. At\u00e9 o momento, n\u00e3o existem exames que possam prevenir o envelhecimento do c\u00e9rebro, como aponta o Dr. Marcelo. &#8220;As recomenda\u00e7\u00f5es s\u00e3o relacionadas \u00e0 preven\u00e7\u00e3o de problemas de sa\u00fade. Exames podem ser \u00fateis quando existem altera\u00e7\u00f5es neurol\u00f3gicas percept\u00edveis, como problemas de mem\u00f3ria e de aten\u00e7\u00e3o&#8221;, justifica.<\/p>\n\n\n\n<h2 class=\"has-medium-font-size wp-block-heading\"><strong>3 &#8211; Os neurotransmissores tamb\u00e9m sofrem com mudan\u00e7as durante o envelhecimento<\/strong><\/h2>\n\n\n\n<p>Verdade. Essas subst\u00e2ncias que levam a informa\u00e7\u00e3o de um neur\u00f4nio ao outro ou a um tecido espec\u00edfico tamb\u00e9m podem sofrer altera\u00e7\u00f5es com o passar do tempo. &#8220;Hoje conhecemos mais de 60 tipos de neurotransmissores e, com a idade, a concentra\u00e7\u00e3o de cada um pode variar; isso pode estar associado a problemas de sa\u00fade&#8221;, ressalta o neurocirurgi\u00e3o.<\/p>\n\n\n\n<h2 class=\"has-medium-font-size wp-block-heading\"><strong>4 &#8211; J\u00e1 existem formas de frear o desenvolvimento das doen\u00e7as neurodegenerativas, como Alzheimer e Parkinson<\/strong><\/h2>\n\n\n\n<p>Mito. Infelizmente, ainda n\u00e3o existe uma maneira eficaz de impedir processos degenerativos no c\u00e9rebro, principalmente quando doen\u00e7as como Alzheimer e Parkinson j\u00e1 foram identificadas. Por\u00e9m, segundo o neurocirurgi\u00e3o, existem condi\u00e7\u00f5es de sa\u00fade que podem reduzir as chances do desenvolvimento destas doen\u00e7as.&nbsp;<\/p>\n\n\n\n<p>&#8220;Adotar um estilo de vida mais saud\u00e1vel desde cedo, com alimenta\u00e7\u00e3o balanceada, pr\u00e1tica de atividades f\u00edsicas e evitando o excesso de bebidas alco\u00f3licas, por exemplo, pode reduzir o risco de doen\u00e7as neurodegenerativas&#8221;, destaca.<br><\/p>\n\n\n\n<h2 class=\"has-medium-font-size wp-block-heading\"><strong>5 &#8211; O estilo de vida de um jovem pode influenciar no envelhecimento do seu c\u00e9rebro<\/strong><\/h2>\n\n\n\n<p>Verdade. Um c\u00e9rebro jovem deve ser estimulado e bem cuidado, e isso n\u00e3o deve mudar com o passar do tempo. &#8220;A forma como se estimula o c\u00e9rebro hoje, impacta diretamente no amanh\u00e3. O cuidado deve ser f\u00edsico, mental e emocional, uma vez que as emo\u00e7\u00f5es e a cogni\u00e7\u00e3o est\u00e3o ligadas \u00e0s conex\u00f5es entre os neur\u00f4nios. H\u00e1bitos de vida saud\u00e1veis associados a um sono regular, evitando estresse e ansiedade, s\u00e3o cuidados essenciais&#8221;, afirma o m\u00e9dico.<\/p>\n\n\n\n<h2 class=\"has-medium-font-size wp-block-heading\"><strong>6 &#8211; Pessoas que mant\u00eam h\u00e1bitos relacionados \u00e0 atividade intelectual t\u00eam uma menor predisposi\u00e7\u00e3o a desenvolver dem\u00eancia<\/strong><\/h2>\n\n\n\n<p>Verdade. H\u00e1bitos simples como ler e estudar podem reduzir os impactos do tempo na sa\u00fade do seu c\u00e9rebro. Conforme o especialista, essas pr\u00e1ticas parecem estar relacionadas a um menor risco de desenvolver dem\u00eancias. Ele explica que a principal hip\u00f3tese que justifica esse mecanismo \u00e9 chamada de reserva cognitiva.&nbsp;<\/p>\n\n\n\n<p>&#8220;Estudos indicam que, quem estimula o c\u00e9rebro, teria mais conex\u00f5es entre seus neur\u00f4nios e maior capacidade de processamento da informa\u00e7\u00e3o. Essa reserva seria fundamental diante da morte de neur\u00f4nios ligada ao envelhecimento ou a doen\u00e7as, suprindo a fun\u00e7\u00e3o que seria perdida normalmente&#8221;, esclarece.<\/p>\n\n\n\n<h2 class=\"has-medium-font-size wp-block-heading\"><strong>7 &#8211; A qualidade do sono \u00e9 importante porque o c\u00e9rebro desliga e, assim, estaremos descansados para o pr\u00f3ximo dia<\/strong><\/h2>\n\n\n\n<p>Mito. Segundo o Dr. Marcelo, o sono de qualidade \u00e9 um dos principais elementos para manter a sa\u00fade do c\u00e9rebro em dia, mas n\u00e3o porque \u00e9 um momento do \u00f3rg\u00e3o descansar, ao contr\u00e1rio. Isso porque, enquanto dormimos, em vez de &#8216;desligar&#8217;, nosso c\u00e9rebro inicia um dos seus momentos de maior atividade.&nbsp;<\/p>\n\n\n\n<p>&#8220;Enquanto nossa consci\u00eancia est\u00e1 ausente e sonhamos, os neur\u00f4nios processam e arquivam as informa\u00e7\u00f5es recebidas durante o dia. Al\u00e9m disso, acreditamos que boa parte da &#8216;limpeza&#8217; de res\u00edduos de atividade cerebral ocorra durante o sono. Esse trabalho noturno \u00e9 o que garante a qualidade e a limpeza, garantindo que o \u00f3rg\u00e3o esteja apto \u00e0s atividades no pr\u00f3ximo dia&#8221;, explica.<\/p>\n\n\n\n<h2 class=\"has-medium-font-size wp-block-heading\"><strong>8 &#8211; A pr\u00e1tica de atividades f\u00edsicas que desenvolvam a musculatura corporal tamb\u00e9m pode contribuir para o c\u00e9rebro<\/strong><\/h2>\n\n\n\n<p>Verdade, por mais estranho que possa parecer. Diversas pesquisas apontam que a atividade f\u00edsica moderada est\u00e1 associada com menores \u00edndices de atrofia do c\u00e9rebro. Isso significa que o c\u00e9rebro de quem faz exerc\u00edcio f\u00edsico pode ser maior do que o daqueles que n\u00e3o fazem. Pesquisadores tamb\u00e9m acreditam que isso tamb\u00e9m signifique um risco menor de doen\u00e7as neurodegenerativas, como acrescenta o neurocirurgi\u00e3o.<\/p>\n\n\n\n<h2 class=\"has-medium-font-size wp-block-heading\"><strong>9 &#8211; Alimenta\u00e7\u00e3o desregulada e excesso de \u00e1lcool podem influenciar diretamente no envelhecimento do c\u00e9rebro<\/strong><\/h2>\n\n\n\n<p>Tanto o consumo excessivo de \u00e1lcool, quanto de a\u00e7\u00facares e alimentos processados podem influenciar o envelhecimento do c\u00e9rebro. Entre as principais mudan\u00e7as poss\u00edveis est\u00e3o:&nbsp;<\/p>\n\n\n\n<ul class=\"wp-block-list\"><li>Altera\u00e7\u00f5es na capacidade cognitiva em qualquer idade;<\/li><li>Aumento na atividade inflamat\u00f3ria, afetando especialmente pessoas idosas.&nbsp;<\/li><\/ul>\n\n\n\n<p>No caso do \u00e1lcool, especificamente, podem ocorrer altera\u00e7\u00f5es profundas nos neurotransmissores. De acordo com o m\u00e9dico, pesquisas apontam que evitar o consumo em excesso de alimentos do tipo pode preservar a estrutura e as fun\u00e7\u00f5es cerebrais.<\/p>\n\n\n\n<h2 class=\"has-medium-font-size wp-block-heading\"><strong>10 &#8211; Suplementa\u00e7\u00e3o com DHA \u00e9 essencial para preven\u00e7\u00e3o do envelhecimento cerebral<\/strong><\/h2>\n\n\n\n<p>Mito. O DHA \u00e9 um \u00e1cido-graxo que faz parte do chamado \u00f4mega 3, complexo de 3 tipos diferentes de subst\u00e2ncias muito importantes para o organismo, como explica o especialista. \u00c9 poss\u00edvel obter o nutriente por meio do leite materno e atrav\u00e9s do consumo de alimentos como \u00f3leos de peixes. Por\u00e9m, \u00e9 preciso avaliar caso a caso a necessidade de suplementar ou n\u00e3o o DHA , com orienta\u00e7\u00e3o m\u00e9dica e nutricional.<br><br>&#8220;O DHA est\u00e1 presente em nosso corpo e \u00e9 parte essencial de nosso c\u00e9rebro, mas ainda n\u00e3o est\u00e1 claro se consumi-lo pode ajudar no funcionamento do organismo. Como dito anteriormente, \u00e9 importante ressaltar que tamb\u00e9m n\u00e3o existe, at\u00e9 o momento, uma forma de prevenir o envelhecimento do c\u00e9rebro&#8221;, finaliza o Dr. Marcelo.<br><br>A plataforma de treinamento cognitivo digital da Neuroforma oferece exerc\u00edcios que ajudam a sintonizar o seu c\u00e9rebro. Treinos de concentra\u00e7\u00e3o, de rapidez de racioc\u00ednio, de habilidades sociais, de intelig\u00eancia e de orienta\u00e7\u00e3o espacial. Acesse e confira <a href=\"https:\/\/neuroforma.com.br\/novo\/programas-e-plataformas\" data-type=\"URL\" data-id=\"https:\/\/neuroforma.com.br\/novo\/programas-e-plataformas\">aqui.<\/a><br><br>Fonte: Portal Terra<\/p>\n","protected":false},"excerpt":{"rendered":"<p>Como qualquer \u00f3rg\u00e3o do corpo humano, o c\u00e9rebro tamb\u00e9m passa por altera\u00e7\u00f5es e mudan\u00e7as ao longo dos anos, caracter\u00edsticas do seu envelhecimento. Essas altera\u00e7\u00f5es n\u00e3o ocorrem apenas nas estruturas do \u00f3rg\u00e3o, mas tamb\u00e9m na execu\u00e7\u00e3o das suas fun\u00e7\u00f5es. Nos c\u00e9rebros idosos, por exemplo, h\u00e1 uma perda de sintonia entre as regi\u00f5es, o que impacta diretamente &hellip; <a href=\"https:\/\/neuroforma.com.br\/novo\/envelhecimento-do-cerebro-entenda-10-mitos-e-verdades\/\" class=\"more-link\">Continue lendo <span class=\"screen-reader-text\">Envelhecimento do c\u00e9rebro: entenda 10 mitos e verdades<\/span> <span class=\"meta-nav\">&rarr;<\/span><\/a><\/p>\n","protected":false},"author":1,"featured_media":5481,"comment_status":"closed","ping_status":"closed","sticky":false,"template":"","format":"standard","meta":{"footnotes":""},"categories":[1],"tags":[],"class_list":["post-6233","post","type-post","status-publish","format-standard","has-post-thumbnail","hentry","category-uncategorized","repupress_customize_woocommerce_productom_class"],"yoast_head":"<!-- This site is optimized with the Yoast SEO plugin v26.9 - https:\/\/yoast.com\/product\/yoast-seo-wordpress\/ -->\n<title>Envelhecimento do c\u00e9rebro: entenda 10 mitos e verdades -<\/title>\n<meta name=\"robots\" content=\"index, follow, max-snippet:-1, max-image-preview:large, max-video-preview:-1\" \/>\n<link rel=\"canonical\" href=\"https:\/\/neuroforma.com.br\/novo\/envelhecimento-do-cerebro-entenda-10-mitos-e-verdades\/\" \/>\n<meta property=\"og:locale\" content=\"pt_BR\" \/>\n<meta property=\"og:type\" content=\"article\" \/>\n<meta property=\"og:title\" content=\"Envelhecimento do c\u00e9rebro: entenda 10 mitos e verdades -\" \/>\n<meta property=\"og:description\" content=\"Como qualquer \u00f3rg\u00e3o do corpo humano, o c\u00e9rebro tamb\u00e9m passa por altera\u00e7\u00f5es e mudan\u00e7as ao longo dos anos, caracter\u00edsticas do seu envelhecimento. Essas altera\u00e7\u00f5es n\u00e3o ocorrem apenas nas estruturas do \u00f3rg\u00e3o, mas tamb\u00e9m na execu\u00e7\u00e3o das suas fun\u00e7\u00f5es. Nos c\u00e9rebros idosos, por exemplo, h\u00e1 uma perda de sintonia entre as regi\u00f5es, o que impacta diretamente &hellip; Continue lendo Envelhecimento do c\u00e9rebro: entenda 10 mitos e verdades &rarr;\" \/>\n<meta property=\"og:url\" content=\"https:\/\/neuroforma.com.br\/novo\/envelhecimento-do-cerebro-entenda-10-mitos-e-verdades\/\" \/>\n<meta property=\"article:published_time\" content=\"2022-09-19T12:49:15+00:00\" \/>\n<meta property=\"article:modified_time\" content=\"2022-09-19T12:54:00+00:00\" \/>\n<meta property=\"og:image\" content=\"https:\/\/neuroforma.com.br\/novo\/wp-content\/uploads\/2020\/06\/IDOSO_EDITADO_00122220_0.jpg\" \/>\n\t<meta property=\"og:image:width\" content=\"800\" \/>\n\t<meta property=\"og:image:height\" content=\"533\" \/>\n\t<meta property=\"og:image:type\" content=\"image\/jpeg\" \/>\n<meta name=\"author\" content=\"admin\" \/>\n<meta name=\"twitter:label1\" content=\"Escrito por\" \/>\n\t<meta name=\"twitter:data1\" content=\"admin\" \/>\n\t<meta name=\"twitter:label2\" content=\"Est. tempo de leitura\" \/>\n\t<meta name=\"twitter:data2\" content=\"6 minutos\" \/>\n<script type=\"application\/ld+json\" class=\"yoast-schema-graph\">{\"@context\":\"https:\/\/schema.org\",\"@graph\":[{\"@type\":\"Article\",\"@id\":\"https:\/\/neuroforma.com.br\/novo\/envelhecimento-do-cerebro-entenda-10-mitos-e-verdades\/#article\",\"isPartOf\":{\"@id\":\"https:\/\/neuroforma.com.br\/novo\/envelhecimento-do-cerebro-entenda-10-mitos-e-verdades\/\"},\"author\":{\"name\":\"admin\",\"@id\":\"https:\/\/neuroforma.com.br\/novo\/#\/schema\/person\/12d211761dd8050314f7756a31961c56\"},\"headline\":\"Envelhecimento do c\u00e9rebro: entenda 10 mitos e verdades\",\"datePublished\":\"2022-09-19T12:49:15+00:00\",\"dateModified\":\"2022-09-19T12:54:00+00:00\",\"mainEntityOfPage\":{\"@id\":\"https:\/\/neuroforma.com.br\/novo\/envelhecimento-do-cerebro-entenda-10-mitos-e-verdades\/\"},\"wordCount\":1217,\"image\":{\"@id\":\"https:\/\/neuroforma.com.br\/novo\/envelhecimento-do-cerebro-entenda-10-mitos-e-verdades\/#primaryimage\"},\"thumbnailUrl\":\"https:\/\/neuroforma.com.br\/novo\/wp-content\/uploads\/2020\/06\/IDOSO_EDITADO_00122220_0.jpg\",\"articleSection\":[\"Uncategorized\"],\"inLanguage\":\"pt-BR\"},{\"@type\":\"WebPage\",\"@id\":\"https:\/\/neuroforma.com.br\/novo\/envelhecimento-do-cerebro-entenda-10-mitos-e-verdades\/\",\"url\":\"https:\/\/neuroforma.com.br\/novo\/envelhecimento-do-cerebro-entenda-10-mitos-e-verdades\/\",\"name\":\"Envelhecimento do c\u00e9rebro: entenda 10 mitos e verdades -\",\"isPartOf\":{\"@id\":\"https:\/\/neuroforma.com.br\/novo\/#website\"},\"primaryImageOfPage\":{\"@id\":\"https:\/\/neuroforma.com.br\/novo\/envelhecimento-do-cerebro-entenda-10-mitos-e-verdades\/#primaryimage\"},\"image\":{\"@id\":\"https:\/\/neuroforma.com.br\/novo\/envelhecimento-do-cerebro-entenda-10-mitos-e-verdades\/#primaryimage\"},\"thumbnailUrl\":\"https:\/\/neuroforma.com.br\/novo\/wp-content\/uploads\/2020\/06\/IDOSO_EDITADO_00122220_0.jpg\",\"datePublished\":\"2022-09-19T12:49:15+00:00\",\"dateModified\":\"2022-09-19T12:54:00+00:00\",\"author\":{\"@id\":\"https:\/\/neuroforma.com.br\/novo\/#\/schema\/person\/12d211761dd8050314f7756a31961c56\"},\"breadcrumb\":{\"@id\":\"https:\/\/neuroforma.com.br\/novo\/envelhecimento-do-cerebro-entenda-10-mitos-e-verdades\/#breadcrumb\"},\"inLanguage\":\"pt-BR\",\"potentialAction\":[{\"@type\":\"ReadAction\",\"target\":[\"https:\/\/neuroforma.com.br\/novo\/envelhecimento-do-cerebro-entenda-10-mitos-e-verdades\/\"]}]},{\"@type\":\"ImageObject\",\"inLanguage\":\"pt-BR\",\"@id\":\"https:\/\/neuroforma.com.br\/novo\/envelhecimento-do-cerebro-entenda-10-mitos-e-verdades\/#primaryimage\",\"url\":\"https:\/\/neuroforma.com.br\/novo\/wp-content\/uploads\/2020\/06\/IDOSO_EDITADO_00122220_0.jpg\",\"contentUrl\":\"https:\/\/neuroforma.com.br\/novo\/wp-content\/uploads\/2020\/06\/IDOSO_EDITADO_00122220_0.jpg\",\"width\":800,\"height\":533},{\"@type\":\"BreadcrumbList\",\"@id\":\"https:\/\/neuroforma.com.br\/novo\/envelhecimento-do-cerebro-entenda-10-mitos-e-verdades\/#breadcrumb\",\"itemListElement\":[{\"@type\":\"ListItem\",\"position\":1,\"name\":\"Home\",\"item\":\"https:\/\/neuroforma.com.br\/novo\/\"},{\"@type\":\"ListItem\",\"position\":2,\"name\":\"Envelhecimento do c\u00e9rebro: entenda 10 mitos e verdades\"}]},{\"@type\":\"WebSite\",\"@id\":\"https:\/\/neuroforma.com.br\/novo\/#website\",\"url\":\"https:\/\/neuroforma.com.br\/novo\/\",\"name\":\"\",\"description\":\"\",\"potentialAction\":[{\"@type\":\"SearchAction\",\"target\":{\"@type\":\"EntryPoint\",\"urlTemplate\":\"https:\/\/neuroforma.com.br\/novo\/?s={search_term_string}\"},\"query-input\":{\"@type\":\"PropertyValueSpecification\",\"valueRequired\":true,\"valueName\":\"search_term_string\"}}],\"inLanguage\":\"pt-BR\"},{\"@type\":\"Person\",\"@id\":\"https:\/\/neuroforma.com.br\/novo\/#\/schema\/person\/12d211761dd8050314f7756a31961c56\",\"name\":\"admin\",\"image\":{\"@type\":\"ImageObject\",\"inLanguage\":\"pt-BR\",\"@id\":\"https:\/\/neuroforma.com.br\/novo\/#\/schema\/person\/image\/\",\"url\":\"https:\/\/secure.gravatar.com\/avatar\/78c99431103c8eac07c3e394450e82f604cfb9126e1520128d5a7033920b57e5?s=96&d=mm&r=g\",\"contentUrl\":\"https:\/\/secure.gravatar.com\/avatar\/78c99431103c8eac07c3e394450e82f604cfb9126e1520128d5a7033920b57e5?s=96&d=mm&r=g\",\"caption\":\"admin\"},\"url\":\"https:\/\/neuroforma.com.br\/novo\/author\/admin\/\"}]}<\/script>\n<!-- \/ Yoast SEO plugin. -->","yoast_head_json":{"title":"Envelhecimento do c\u00e9rebro: entenda 10 mitos e verdades -","robots":{"index":"index","follow":"follow","max-snippet":"max-snippet:-1","max-image-preview":"max-image-preview:large","max-video-preview":"max-video-preview:-1"},"canonical":"https:\/\/neuroforma.com.br\/novo\/envelhecimento-do-cerebro-entenda-10-mitos-e-verdades\/","og_locale":"pt_BR","og_type":"article","og_title":"Envelhecimento do c\u00e9rebro: entenda 10 mitos e verdades -","og_description":"Como qualquer \u00f3rg\u00e3o do corpo humano, o c\u00e9rebro tamb\u00e9m passa por altera\u00e7\u00f5es e mudan\u00e7as ao longo dos anos, caracter\u00edsticas do seu envelhecimento. Essas altera\u00e7\u00f5es n\u00e3o ocorrem apenas nas estruturas do \u00f3rg\u00e3o, mas tamb\u00e9m na execu\u00e7\u00e3o das suas fun\u00e7\u00f5es. Nos c\u00e9rebros idosos, por exemplo, h\u00e1 uma perda de sintonia entre as regi\u00f5es, o que impacta diretamente &hellip; Continue lendo Envelhecimento do c\u00e9rebro: entenda 10 mitos e verdades &rarr;","og_url":"https:\/\/neuroforma.com.br\/novo\/envelhecimento-do-cerebro-entenda-10-mitos-e-verdades\/","article_published_time":"2022-09-19T12:49:15+00:00","article_modified_time":"2022-09-19T12:54:00+00:00","og_image":[{"width":800,"height":533,"url":"https:\/\/neuroforma.com.br\/novo\/wp-content\/uploads\/2020\/06\/IDOSO_EDITADO_00122220_0.jpg","type":"image\/jpeg"}],"author":"admin","twitter_misc":{"Escrito por":"admin","Est. tempo de leitura":"6 minutos"},"schema":{"@context":"https:\/\/schema.org","@graph":[{"@type":"Article","@id":"https:\/\/neuroforma.com.br\/novo\/envelhecimento-do-cerebro-entenda-10-mitos-e-verdades\/#article","isPartOf":{"@id":"https:\/\/neuroforma.com.br\/novo\/envelhecimento-do-cerebro-entenda-10-mitos-e-verdades\/"},"author":{"name":"admin","@id":"https:\/\/neuroforma.com.br\/novo\/#\/schema\/person\/12d211761dd8050314f7756a31961c56"},"headline":"Envelhecimento do c\u00e9rebro: entenda 10 mitos e verdades","datePublished":"2022-09-19T12:49:15+00:00","dateModified":"2022-09-19T12:54:00+00:00","mainEntityOfPage":{"@id":"https:\/\/neuroforma.com.br\/novo\/envelhecimento-do-cerebro-entenda-10-mitos-e-verdades\/"},"wordCount":1217,"image":{"@id":"https:\/\/neuroforma.com.br\/novo\/envelhecimento-do-cerebro-entenda-10-mitos-e-verdades\/#primaryimage"},"thumbnailUrl":"https:\/\/neuroforma.com.br\/novo\/wp-content\/uploads\/2020\/06\/IDOSO_EDITADO_00122220_0.jpg","articleSection":["Uncategorized"],"inLanguage":"pt-BR"},{"@type":"WebPage","@id":"https:\/\/neuroforma.com.br\/novo\/envelhecimento-do-cerebro-entenda-10-mitos-e-verdades\/","url":"https:\/\/neuroforma.com.br\/novo\/envelhecimento-do-cerebro-entenda-10-mitos-e-verdades\/","name":"Envelhecimento do c\u00e9rebro: entenda 10 mitos e verdades -","isPartOf":{"@id":"https:\/\/neuroforma.com.br\/novo\/#website"},"primaryImageOfPage":{"@id":"https:\/\/neuroforma.com.br\/novo\/envelhecimento-do-cerebro-entenda-10-mitos-e-verdades\/#primaryimage"},"image":{"@id":"https:\/\/neuroforma.com.br\/novo\/envelhecimento-do-cerebro-entenda-10-mitos-e-verdades\/#primaryimage"},"thumbnailUrl":"https:\/\/neuroforma.com.br\/novo\/wp-content\/uploads\/2020\/06\/IDOSO_EDITADO_00122220_0.jpg","datePublished":"2022-09-19T12:49:15+00:00","dateModified":"2022-09-19T12:54:00+00:00","author":{"@id":"https:\/\/neuroforma.com.br\/novo\/#\/schema\/person\/12d211761dd8050314f7756a31961c56"},"breadcrumb":{"@id":"https:\/\/neuroforma.com.br\/novo\/envelhecimento-do-cerebro-entenda-10-mitos-e-verdades\/#breadcrumb"},"inLanguage":"pt-BR","potentialAction":[{"@type":"ReadAction","target":["https:\/\/neuroforma.com.br\/novo\/envelhecimento-do-cerebro-entenda-10-mitos-e-verdades\/"]}]},{"@type":"ImageObject","inLanguage":"pt-BR","@id":"https:\/\/neuroforma.com.br\/novo\/envelhecimento-do-cerebro-entenda-10-mitos-e-verdades\/#primaryimage","url":"https:\/\/neuroforma.com.br\/novo\/wp-content\/uploads\/2020\/06\/IDOSO_EDITADO_00122220_0.jpg","contentUrl":"https:\/\/neuroforma.com.br\/novo\/wp-content\/uploads\/2020\/06\/IDOSO_EDITADO_00122220_0.jpg","width":800,"height":533},{"@type":"BreadcrumbList","@id":"https:\/\/neuroforma.com.br\/novo\/envelhecimento-do-cerebro-entenda-10-mitos-e-verdades\/#breadcrumb","itemListElement":[{"@type":"ListItem","position":1,"name":"Home","item":"https:\/\/neuroforma.com.br\/novo\/"},{"@type":"ListItem","position":2,"name":"Envelhecimento do c\u00e9rebro: entenda 10 mitos e verdades"}]},{"@type":"WebSite","@id":"https:\/\/neuroforma.com.br\/novo\/#website","url":"https:\/\/neuroforma.com.br\/novo\/","name":"","description":"","potentialAction":[{"@type":"SearchAction","target":{"@type":"EntryPoint","urlTemplate":"https:\/\/neuroforma.com.br\/novo\/?s={search_term_string}"},"query-input":{"@type":"PropertyValueSpecification","valueRequired":true,"valueName":"search_term_string"}}],"inLanguage":"pt-BR"},{"@type":"Person","@id":"https:\/\/neuroforma.com.br\/novo\/#\/schema\/person\/12d211761dd8050314f7756a31961c56","name":"admin","image":{"@type":"ImageObject","inLanguage":"pt-BR","@id":"https:\/\/neuroforma.com.br\/novo\/#\/schema\/person\/image\/","url":"https:\/\/secure.gravatar.com\/avatar\/78c99431103c8eac07c3e394450e82f604cfb9126e1520128d5a7033920b57e5?s=96&d=mm&r=g","contentUrl":"https:\/\/secure.gravatar.com\/avatar\/78c99431103c8eac07c3e394450e82f604cfb9126e1520128d5a7033920b57e5?s=96&d=mm&r=g","caption":"admin"},"url":"https:\/\/neuroforma.com.br\/novo\/author\/admin\/"}]}},"_links":{"self":[{"href":"https:\/\/neuroforma.com.br\/novo\/wp-json\/wp\/v2\/posts\/6233","targetHints":{"allow":["GET"]}}],"collection":[{"href":"https:\/\/neuroforma.com.br\/novo\/wp-json\/wp\/v2\/posts"}],"about":[{"href":"https:\/\/neuroforma.com.br\/novo\/wp-json\/wp\/v2\/types\/post"}],"author":[{"embeddable":true,"href":"https:\/\/neuroforma.com.br\/novo\/wp-json\/wp\/v2\/users\/1"}],"replies":[{"embeddable":true,"href":"https:\/\/neuroforma.com.br\/novo\/wp-json\/wp\/v2\/comments?post=6233"}],"version-history":[{"count":4,"href":"https:\/\/neuroforma.com.br\/novo\/wp-json\/wp\/v2\/posts\/6233\/revisions"}],"predecessor-version":[{"id":6238,"href":"https:\/\/neuroforma.com.br\/novo\/wp-json\/wp\/v2\/posts\/6233\/revisions\/6238"}],"wp:featuredmedia":[{"embeddable":true,"href":"https:\/\/neuroforma.com.br\/novo\/wp-json\/wp\/v2\/media\/5481"}],"wp:attachment":[{"href":"https:\/\/neuroforma.com.br\/novo\/wp-json\/wp\/v2\/media?parent=6233"}],"wp:term":[{"taxonomy":"category","embeddable":true,"href":"https:\/\/neuroforma.com.br\/novo\/wp-json\/wp\/v2\/categories?post=6233"},{"taxonomy":"post_tag","embeddable":true,"href":"https:\/\/neuroforma.com.br\/novo\/wp-json\/wp\/v2\/tags?post=6233"}],"curies":[{"name":"wp","href":"https:\/\/api.w.org\/{rel}","templated":true}]}}