{"id":5429,"date":"2020-04-29T15:55:09","date_gmt":"2020-04-29T15:55:09","guid":{"rendered":"https:\/\/neuroforma.com.br\/novo\/?p=5429"},"modified":"2020-04-29T15:55:53","modified_gmt":"2020-04-29T15:55:53","slug":"estudo-de-pesquisadores-do-brasil-e-do-canada-indica-que-cerebro-pode-ser-afetado-em-casos-graves-de-covid-19","status":"publish","type":"post","link":"https:\/\/neuroforma.com.br\/novo\/estudo-de-pesquisadores-do-brasil-e-do-canada-indica-que-cerebro-pode-ser-afetado-em-casos-graves-de-covid-19\/","title":{"rendered":"Estudo de pesquisadores do Brasil e do Canad\u00e1 indica que c\u00e9rebro pode ser afetado em casos graves de Covid-19"},"content":{"rendered":"<p><img loading=\"lazy\" decoding=\"async\" src=\"https:\/\/neuroforma.com.br\/novo\/wp-content\/uploads\/2020\/04\/site-copy-1.png\" alt=\"site-copy\" width=\"1156\" height=\"577\" class=\"alignleft size-full wp-image-5430\" srcset=\"https:\/\/neuroforma.com.br\/novo\/wp-content\/uploads\/2020\/04\/site-copy-1.png 1156w, https:\/\/neuroforma.com.br\/novo\/wp-content\/uploads\/2020\/04\/site-copy-1-300x150.png 300w, https:\/\/neuroforma.com.br\/novo\/wp-content\/uploads\/2020\/04\/site-copy-1-768x383.png 768w, https:\/\/neuroforma.com.br\/novo\/wp-content\/uploads\/2020\/04\/site-copy-1-1024x511.png 1024w\" sizes=\"auto, (max-width: 1156px) 100vw, 1156px\" \/><\/p>\n<p>Trabalho foi publicado na revista cient\u00edfica Trends in Neurosciences nesta ter\u00e7a-feira (21). Eles observaram casos em UTIs da China e Fran\u00e7a. Estudo vai prosseguir com a an\u00e1lise cl\u00ednica de dados de pacientes.<\/p>\n<p>Pesquisadores da Universidade Federal do Rio de Janeiro (UFRJ), do Instituto D&#8217;Or de Pesquisa e Ensino (Idor) e da Queen&#8217;s University, do Canad\u00e1, publicaram um artigo sobre a possibilidade de que o sistema nervoso central possa ser afetado em casos graves do novo coronav\u00edrus. O trabalho foi publicado na revista cient\u00edfica Trends in Neurosciences na ter\u00e7a-feira (21).<\/p>\n<p>A pesquisa, assinada por quatro pesquisadores brasileiros e um canadense, usa dados sobre a Covid-19 (SARS-CoV-2), sobre outros tipos de coronav\u00edrus e outras fam\u00edlias de v\u00edrus.<\/p>\n<p>Os pesquisadores usaram como uma das bases para o trabalho, dados de pacientes do coronav\u00edrus em UTIs na China e na Fran\u00e7a. Nos dois locais, eles observaram danos cerebrais em uma relevante parcela dos pacientes que estavam internados com sinais severos da doen\u00e7a.<\/p>\n<p>A pesquisadora disse ainda que a infec\u00e7\u00e3o dos neur\u00f4nios j\u00e1 havia sido observada em outros tipos de coronav\u00edrus e o tipo de inflama\u00e7\u00e3o observado na Covid-19 pode ser semelhante. No entanto, ela lembra que todo conhecimento sobre o coronav\u00edrus que gerou a pandemia no mundo ainda \u00e9 muito novo.<\/p>\n<p>\u201cOs pacientes severos devem ser seguidos com cuidado porque eles podem ter um risco aumentado de desenvolver dem\u00eancia e doen\u00e7as neurodegenerativas como, Alzheimer e Parkinson. E j\u00e1 tem associa\u00e7\u00f5es de infec\u00e7\u00e3o no sistema nervoso e aumento do risco dessas doen\u00e7as. Acho que \u00e9 mais um fator para a popula\u00e7\u00e3o ficar ligada, principalmente a popula\u00e7\u00e3o que segue o conceito de ser uma gripezinha e algo leve. Os impactos podem ser muito grandes e duradouros e pode aumentar a preval\u00eancia de doen\u00e7as degenerativas no Brasil e no mundo\u201d, explicou.<\/p>\n<p><strong><strong>Andamento do estudo<\/strong><\/strong><\/p>\n<p>Fernanda Tovar-Moll, diretora-presidente do Instituto Idor, disse que o estudo ter\u00e1 andamento com a an\u00e1lise de casos cl\u00ednicos que v\u00e3o observar, de v\u00e1rias maneiras, os efeitos da Covid-19 no c\u00e9rebro do maior n\u00famero poss\u00edvel de pacientes.<br \/>\nA pesquisadora disse ainda que os pacientes que fazem parte do estudo tamb\u00e9m ter\u00e3o suas fun\u00e7\u00f5es cognitivas mapeadas a longo prazo para identificar os efeitos do coronav\u00edrus.<\/p>\n<p>\u201cEstas capacidades cognitivas que ser\u00e3o investigadas ser\u00e3o em diversos dom\u00ednios, como mem\u00f3ria, tomada de decis\u00e3o e outras fun\u00e7\u00f5es e estes dados ser\u00e3o relacionados com as informa\u00e7\u00f5es de imagem\u201d, disse.<\/p>\n<p><strong><strong>Casos leves<\/strong><\/strong><\/p>\n<p>A professora do Instituto de Bioqu\u00edmica M\u00e9dica (IBqM) da UFRJ ressaltou que, nos casos mais leves, pacientes tamb\u00e9m podem apresentar sintomas de origem neurol\u00f3gica, como dor de cabe\u00e7a e perda do olfato, sintomas da doen\u00e7a que ficaram conhecidos, mas que n\u00e3o deixam sequelas.<\/p>\n<p>\u201cPode ser que a doen\u00e7a tamb\u00e9m esteja impactando o c\u00e9rebro em casos mais leves tamb\u00e9m. Mas a\u00ed, enquanto n\u00e3o fica grave, o corpo est\u00e1 acostumado a combater e resolver. Ent\u00e3o, a gente acha que os problemas n\u00e3o devem ser mais acentuados, pois temos os nossos mecanismos de prote\u00e7\u00e3o\u201d, afirmou.<\/p>\n","protected":false},"excerpt":{"rendered":"<p>Trabalho foi publicado na revista cient\u00edfica Trends in Neurosciences nesta ter\u00e7a-feira (21). Eles observaram casos em UTIs da China e Fran\u00e7a. Estudo vai prosseguir com a an\u00e1lise cl\u00ednica de dados de pacientes. Pesquisadores da Universidade Federal do Rio de Janeiro (UFRJ), do Instituto D&#8217;Or de Pesquisa e Ensino (Idor) e da Queen&#8217;s University, do Canad\u00e1, &hellip; <a href=\"https:\/\/neuroforma.com.br\/novo\/estudo-de-pesquisadores-do-brasil-e-do-canada-indica-que-cerebro-pode-ser-afetado-em-casos-graves-de-covid-19\/\" class=\"more-link\">Continue lendo <span class=\"screen-reader-text\">Estudo de pesquisadores do Brasil e do Canad\u00e1 indica que c\u00e9rebro pode ser afetado em casos graves de Covid-19<\/span> <span class=\"meta-nav\">&rarr;<\/span><\/a><\/p>\n","protected":false},"author":1,"featured_media":5430,"comment_status":"closed","ping_status":"closed","sticky":false,"template":"","format":"standard","meta":{"footnotes":""},"categories":[1],"tags":[],"class_list":["post-5429","post","type-post","status-publish","format-standard","has-post-thumbnail","hentry","category-uncategorized","repupress_customize_woocommerce_productom_class"],"yoast_head":"<!-- This site is optimized with the Yoast SEO plugin v26.9 - https:\/\/yoast.com\/product\/yoast-seo-wordpress\/ -->\n<title>Estudo de pesquisadores do Brasil e do Canad\u00e1 indica que c\u00e9rebro pode ser afetado em casos graves de Covid-19 -<\/title>\n<meta name=\"robots\" content=\"index, follow, max-snippet:-1, max-image-preview:large, max-video-preview:-1\" \/>\n<link rel=\"canonical\" href=\"https:\/\/neuroforma.com.br\/novo\/estudo-de-pesquisadores-do-brasil-e-do-canada-indica-que-cerebro-pode-ser-afetado-em-casos-graves-de-covid-19\/\" \/>\n<meta property=\"og:locale\" content=\"pt_BR\" \/>\n<meta property=\"og:type\" content=\"article\" \/>\n<meta property=\"og:title\" content=\"Estudo de pesquisadores do Brasil e do Canad\u00e1 indica que c\u00e9rebro pode ser afetado em casos graves de Covid-19 -\" \/>\n<meta property=\"og:description\" content=\"Trabalho foi publicado na revista cient\u00edfica Trends in Neurosciences nesta ter\u00e7a-feira (21). Eles observaram casos em UTIs da China e Fran\u00e7a. Estudo vai prosseguir com a an\u00e1lise cl\u00ednica de dados de pacientes. Pesquisadores da Universidade Federal do Rio de Janeiro (UFRJ), do Instituto D&#8217;Or de Pesquisa e Ensino (Idor) e da Queen&#8217;s University, do Canad\u00e1, &hellip; Continue lendo Estudo de pesquisadores do Brasil e do Canad\u00e1 indica que c\u00e9rebro pode ser afetado em casos graves de Covid-19 &rarr;\" \/>\n<meta property=\"og:url\" content=\"https:\/\/neuroforma.com.br\/novo\/estudo-de-pesquisadores-do-brasil-e-do-canada-indica-que-cerebro-pode-ser-afetado-em-casos-graves-de-covid-19\/\" \/>\n<meta property=\"article:published_time\" content=\"2020-04-29T15:55:09+00:00\" \/>\n<meta property=\"article:modified_time\" content=\"2020-04-29T15:55:53+00:00\" \/>\n<meta property=\"og:image\" content=\"https:\/\/neuroforma.com.br\/novo\/wp-content\/uploads\/2020\/04\/site-copy-1.png\" \/>\n\t<meta property=\"og:image:width\" content=\"1156\" \/>\n\t<meta property=\"og:image:height\" content=\"577\" \/>\n\t<meta property=\"og:image:type\" content=\"image\/png\" \/>\n<meta name=\"author\" content=\"admin\" \/>\n<meta name=\"twitter:label1\" content=\"Escrito por\" \/>\n\t<meta name=\"twitter:data1\" content=\"admin\" \/>\n\t<meta name=\"twitter:label2\" content=\"Est. tempo de leitura\" \/>\n\t<meta name=\"twitter:data2\" content=\"3 minutos\" \/>\n<script type=\"application\/ld+json\" class=\"yoast-schema-graph\">{\"@context\":\"https:\/\/schema.org\",\"@graph\":[{\"@type\":\"Article\",\"@id\":\"https:\/\/neuroforma.com.br\/novo\/estudo-de-pesquisadores-do-brasil-e-do-canada-indica-que-cerebro-pode-ser-afetado-em-casos-graves-de-covid-19\/#article\",\"isPartOf\":{\"@id\":\"https:\/\/neuroforma.com.br\/novo\/estudo-de-pesquisadores-do-brasil-e-do-canada-indica-que-cerebro-pode-ser-afetado-em-casos-graves-de-covid-19\/\"},\"author\":{\"name\":\"admin\",\"@id\":\"https:\/\/neuroforma.com.br\/novo\/#\/schema\/person\/12d211761dd8050314f7756a31961c56\"},\"headline\":\"Estudo de pesquisadores do Brasil e do Canad\u00e1 indica que c\u00e9rebro pode ser afetado em casos graves de Covid-19\",\"datePublished\":\"2020-04-29T15:55:09+00:00\",\"dateModified\":\"2020-04-29T15:55:53+00:00\",\"mainEntityOfPage\":{\"@id\":\"https:\/\/neuroforma.com.br\/novo\/estudo-de-pesquisadores-do-brasil-e-do-canada-indica-que-cerebro-pode-ser-afetado-em-casos-graves-de-covid-19\/\"},\"wordCount\":561,\"image\":{\"@id\":\"https:\/\/neuroforma.com.br\/novo\/estudo-de-pesquisadores-do-brasil-e-do-canada-indica-que-cerebro-pode-ser-afetado-em-casos-graves-de-covid-19\/#primaryimage\"},\"thumbnailUrl\":\"https:\/\/neuroforma.com.br\/novo\/wp-content\/uploads\/2020\/04\/site-copy-1.png\",\"articleSection\":[\"Uncategorized\"],\"inLanguage\":\"pt-BR\"},{\"@type\":\"WebPage\",\"@id\":\"https:\/\/neuroforma.com.br\/novo\/estudo-de-pesquisadores-do-brasil-e-do-canada-indica-que-cerebro-pode-ser-afetado-em-casos-graves-de-covid-19\/\",\"url\":\"https:\/\/neuroforma.com.br\/novo\/estudo-de-pesquisadores-do-brasil-e-do-canada-indica-que-cerebro-pode-ser-afetado-em-casos-graves-de-covid-19\/\",\"name\":\"Estudo de pesquisadores do Brasil e do Canad\u00e1 indica que c\u00e9rebro pode ser afetado em casos graves de Covid-19 -\",\"isPartOf\":{\"@id\":\"https:\/\/neuroforma.com.br\/novo\/#website\"},\"primaryImageOfPage\":{\"@id\":\"https:\/\/neuroforma.com.br\/novo\/estudo-de-pesquisadores-do-brasil-e-do-canada-indica-que-cerebro-pode-ser-afetado-em-casos-graves-de-covid-19\/#primaryimage\"},\"image\":{\"@id\":\"https:\/\/neuroforma.com.br\/novo\/estudo-de-pesquisadores-do-brasil-e-do-canada-indica-que-cerebro-pode-ser-afetado-em-casos-graves-de-covid-19\/#primaryimage\"},\"thumbnailUrl\":\"https:\/\/neuroforma.com.br\/novo\/wp-content\/uploads\/2020\/04\/site-copy-1.png\",\"datePublished\":\"2020-04-29T15:55:09+00:00\",\"dateModified\":\"2020-04-29T15:55:53+00:00\",\"author\":{\"@id\":\"https:\/\/neuroforma.com.br\/novo\/#\/schema\/person\/12d211761dd8050314f7756a31961c56\"},\"breadcrumb\":{\"@id\":\"https:\/\/neuroforma.com.br\/novo\/estudo-de-pesquisadores-do-brasil-e-do-canada-indica-que-cerebro-pode-ser-afetado-em-casos-graves-de-covid-19\/#breadcrumb\"},\"inLanguage\":\"pt-BR\",\"potentialAction\":[{\"@type\":\"ReadAction\",\"target\":[\"https:\/\/neuroforma.com.br\/novo\/estudo-de-pesquisadores-do-brasil-e-do-canada-indica-que-cerebro-pode-ser-afetado-em-casos-graves-de-covid-19\/\"]}]},{\"@type\":\"ImageObject\",\"inLanguage\":\"pt-BR\",\"@id\":\"https:\/\/neuroforma.com.br\/novo\/estudo-de-pesquisadores-do-brasil-e-do-canada-indica-que-cerebro-pode-ser-afetado-em-casos-graves-de-covid-19\/#primaryimage\",\"url\":\"https:\/\/neuroforma.com.br\/novo\/wp-content\/uploads\/2020\/04\/site-copy-1.png\",\"contentUrl\":\"https:\/\/neuroforma.com.br\/novo\/wp-content\/uploads\/2020\/04\/site-copy-1.png\",\"width\":1156,\"height\":577},{\"@type\":\"BreadcrumbList\",\"@id\":\"https:\/\/neuroforma.com.br\/novo\/estudo-de-pesquisadores-do-brasil-e-do-canada-indica-que-cerebro-pode-ser-afetado-em-casos-graves-de-covid-19\/#breadcrumb\",\"itemListElement\":[{\"@type\":\"ListItem\",\"position\":1,\"name\":\"Home\",\"item\":\"https:\/\/neuroforma.com.br\/novo\/\"},{\"@type\":\"ListItem\",\"position\":2,\"name\":\"Estudo de pesquisadores do Brasil e do Canad\u00e1 indica que c\u00e9rebro pode ser afetado em casos graves de Covid-19\"}]},{\"@type\":\"WebSite\",\"@id\":\"https:\/\/neuroforma.com.br\/novo\/#website\",\"url\":\"https:\/\/neuroforma.com.br\/novo\/\",\"name\":\"\",\"description\":\"\",\"potentialAction\":[{\"@type\":\"SearchAction\",\"target\":{\"@type\":\"EntryPoint\",\"urlTemplate\":\"https:\/\/neuroforma.com.br\/novo\/?s={search_term_string}\"},\"query-input\":{\"@type\":\"PropertyValueSpecification\",\"valueRequired\":true,\"valueName\":\"search_term_string\"}}],\"inLanguage\":\"pt-BR\"},{\"@type\":\"Person\",\"@id\":\"https:\/\/neuroforma.com.br\/novo\/#\/schema\/person\/12d211761dd8050314f7756a31961c56\",\"name\":\"admin\",\"image\":{\"@type\":\"ImageObject\",\"inLanguage\":\"pt-BR\",\"@id\":\"https:\/\/neuroforma.com.br\/novo\/#\/schema\/person\/image\/\",\"url\":\"https:\/\/secure.gravatar.com\/avatar\/78c99431103c8eac07c3e394450e82f604cfb9126e1520128d5a7033920b57e5?s=96&d=mm&r=g\",\"contentUrl\":\"https:\/\/secure.gravatar.com\/avatar\/78c99431103c8eac07c3e394450e82f604cfb9126e1520128d5a7033920b57e5?s=96&d=mm&r=g\",\"caption\":\"admin\"},\"url\":\"https:\/\/neuroforma.com.br\/novo\/author\/admin\/\"}]}<\/script>\n<!-- \/ Yoast SEO plugin. -->","yoast_head_json":{"title":"Estudo de pesquisadores do Brasil e do Canad\u00e1 indica que c\u00e9rebro pode ser afetado em casos graves de Covid-19 -","robots":{"index":"index","follow":"follow","max-snippet":"max-snippet:-1","max-image-preview":"max-image-preview:large","max-video-preview":"max-video-preview:-1"},"canonical":"https:\/\/neuroforma.com.br\/novo\/estudo-de-pesquisadores-do-brasil-e-do-canada-indica-que-cerebro-pode-ser-afetado-em-casos-graves-de-covid-19\/","og_locale":"pt_BR","og_type":"article","og_title":"Estudo de pesquisadores do Brasil e do Canad\u00e1 indica que c\u00e9rebro pode ser afetado em casos graves de Covid-19 -","og_description":"Trabalho foi publicado na revista cient\u00edfica Trends in Neurosciences nesta ter\u00e7a-feira (21). Eles observaram casos em UTIs da China e Fran\u00e7a. Estudo vai prosseguir com a an\u00e1lise cl\u00ednica de dados de pacientes. Pesquisadores da Universidade Federal do Rio de Janeiro (UFRJ), do Instituto D&#8217;Or de Pesquisa e Ensino (Idor) e da Queen&#8217;s University, do Canad\u00e1, &hellip; Continue lendo Estudo de pesquisadores do Brasil e do Canad\u00e1 indica que c\u00e9rebro pode ser afetado em casos graves de Covid-19 &rarr;","og_url":"https:\/\/neuroforma.com.br\/novo\/estudo-de-pesquisadores-do-brasil-e-do-canada-indica-que-cerebro-pode-ser-afetado-em-casos-graves-de-covid-19\/","article_published_time":"2020-04-29T15:55:09+00:00","article_modified_time":"2020-04-29T15:55:53+00:00","og_image":[{"width":1156,"height":577,"url":"https:\/\/neuroforma.com.br\/novo\/wp-content\/uploads\/2020\/04\/site-copy-1.png","type":"image\/png"}],"author":"admin","twitter_misc":{"Escrito por":"admin","Est. tempo de leitura":"3 minutos"},"schema":{"@context":"https:\/\/schema.org","@graph":[{"@type":"Article","@id":"https:\/\/neuroforma.com.br\/novo\/estudo-de-pesquisadores-do-brasil-e-do-canada-indica-que-cerebro-pode-ser-afetado-em-casos-graves-de-covid-19\/#article","isPartOf":{"@id":"https:\/\/neuroforma.com.br\/novo\/estudo-de-pesquisadores-do-brasil-e-do-canada-indica-que-cerebro-pode-ser-afetado-em-casos-graves-de-covid-19\/"},"author":{"name":"admin","@id":"https:\/\/neuroforma.com.br\/novo\/#\/schema\/person\/12d211761dd8050314f7756a31961c56"},"headline":"Estudo de pesquisadores do Brasil e do Canad\u00e1 indica que c\u00e9rebro pode ser afetado em casos graves de Covid-19","datePublished":"2020-04-29T15:55:09+00:00","dateModified":"2020-04-29T15:55:53+00:00","mainEntityOfPage":{"@id":"https:\/\/neuroforma.com.br\/novo\/estudo-de-pesquisadores-do-brasil-e-do-canada-indica-que-cerebro-pode-ser-afetado-em-casos-graves-de-covid-19\/"},"wordCount":561,"image":{"@id":"https:\/\/neuroforma.com.br\/novo\/estudo-de-pesquisadores-do-brasil-e-do-canada-indica-que-cerebro-pode-ser-afetado-em-casos-graves-de-covid-19\/#primaryimage"},"thumbnailUrl":"https:\/\/neuroforma.com.br\/novo\/wp-content\/uploads\/2020\/04\/site-copy-1.png","articleSection":["Uncategorized"],"inLanguage":"pt-BR"},{"@type":"WebPage","@id":"https:\/\/neuroforma.com.br\/novo\/estudo-de-pesquisadores-do-brasil-e-do-canada-indica-que-cerebro-pode-ser-afetado-em-casos-graves-de-covid-19\/","url":"https:\/\/neuroforma.com.br\/novo\/estudo-de-pesquisadores-do-brasil-e-do-canada-indica-que-cerebro-pode-ser-afetado-em-casos-graves-de-covid-19\/","name":"Estudo de pesquisadores do Brasil e do Canad\u00e1 indica que c\u00e9rebro pode ser afetado em casos graves de Covid-19 -","isPartOf":{"@id":"https:\/\/neuroforma.com.br\/novo\/#website"},"primaryImageOfPage":{"@id":"https:\/\/neuroforma.com.br\/novo\/estudo-de-pesquisadores-do-brasil-e-do-canada-indica-que-cerebro-pode-ser-afetado-em-casos-graves-de-covid-19\/#primaryimage"},"image":{"@id":"https:\/\/neuroforma.com.br\/novo\/estudo-de-pesquisadores-do-brasil-e-do-canada-indica-que-cerebro-pode-ser-afetado-em-casos-graves-de-covid-19\/#primaryimage"},"thumbnailUrl":"https:\/\/neuroforma.com.br\/novo\/wp-content\/uploads\/2020\/04\/site-copy-1.png","datePublished":"2020-04-29T15:55:09+00:00","dateModified":"2020-04-29T15:55:53+00:00","author":{"@id":"https:\/\/neuroforma.com.br\/novo\/#\/schema\/person\/12d211761dd8050314f7756a31961c56"},"breadcrumb":{"@id":"https:\/\/neuroforma.com.br\/novo\/estudo-de-pesquisadores-do-brasil-e-do-canada-indica-que-cerebro-pode-ser-afetado-em-casos-graves-de-covid-19\/#breadcrumb"},"inLanguage":"pt-BR","potentialAction":[{"@type":"ReadAction","target":["https:\/\/neuroforma.com.br\/novo\/estudo-de-pesquisadores-do-brasil-e-do-canada-indica-que-cerebro-pode-ser-afetado-em-casos-graves-de-covid-19\/"]}]},{"@type":"ImageObject","inLanguage":"pt-BR","@id":"https:\/\/neuroforma.com.br\/novo\/estudo-de-pesquisadores-do-brasil-e-do-canada-indica-que-cerebro-pode-ser-afetado-em-casos-graves-de-covid-19\/#primaryimage","url":"https:\/\/neuroforma.com.br\/novo\/wp-content\/uploads\/2020\/04\/site-copy-1.png","contentUrl":"https:\/\/neuroforma.com.br\/novo\/wp-content\/uploads\/2020\/04\/site-copy-1.png","width":1156,"height":577},{"@type":"BreadcrumbList","@id":"https:\/\/neuroforma.com.br\/novo\/estudo-de-pesquisadores-do-brasil-e-do-canada-indica-que-cerebro-pode-ser-afetado-em-casos-graves-de-covid-19\/#breadcrumb","itemListElement":[{"@type":"ListItem","position":1,"name":"Home","item":"https:\/\/neuroforma.com.br\/novo\/"},{"@type":"ListItem","position":2,"name":"Estudo de pesquisadores do Brasil e do Canad\u00e1 indica que c\u00e9rebro pode ser afetado em casos graves de Covid-19"}]},{"@type":"WebSite","@id":"https:\/\/neuroforma.com.br\/novo\/#website","url":"https:\/\/neuroforma.com.br\/novo\/","name":"","description":"","potentialAction":[{"@type":"SearchAction","target":{"@type":"EntryPoint","urlTemplate":"https:\/\/neuroforma.com.br\/novo\/?s={search_term_string}"},"query-input":{"@type":"PropertyValueSpecification","valueRequired":true,"valueName":"search_term_string"}}],"inLanguage":"pt-BR"},{"@type":"Person","@id":"https:\/\/neuroforma.com.br\/novo\/#\/schema\/person\/12d211761dd8050314f7756a31961c56","name":"admin","image":{"@type":"ImageObject","inLanguage":"pt-BR","@id":"https:\/\/neuroforma.com.br\/novo\/#\/schema\/person\/image\/","url":"https:\/\/secure.gravatar.com\/avatar\/78c99431103c8eac07c3e394450e82f604cfb9126e1520128d5a7033920b57e5?s=96&d=mm&r=g","contentUrl":"https:\/\/secure.gravatar.com\/avatar\/78c99431103c8eac07c3e394450e82f604cfb9126e1520128d5a7033920b57e5?s=96&d=mm&r=g","caption":"admin"},"url":"https:\/\/neuroforma.com.br\/novo\/author\/admin\/"}]}},"_links":{"self":[{"href":"https:\/\/neuroforma.com.br\/novo\/wp-json\/wp\/v2\/posts\/5429","targetHints":{"allow":["GET"]}}],"collection":[{"href":"https:\/\/neuroforma.com.br\/novo\/wp-json\/wp\/v2\/posts"}],"about":[{"href":"https:\/\/neuroforma.com.br\/novo\/wp-json\/wp\/v2\/types\/post"}],"author":[{"embeddable":true,"href":"https:\/\/neuroforma.com.br\/novo\/wp-json\/wp\/v2\/users\/1"}],"replies":[{"embeddable":true,"href":"https:\/\/neuroforma.com.br\/novo\/wp-json\/wp\/v2\/comments?post=5429"}],"version-history":[{"count":3,"href":"https:\/\/neuroforma.com.br\/novo\/wp-json\/wp\/v2\/posts\/5429\/revisions"}],"predecessor-version":[{"id":5433,"href":"https:\/\/neuroforma.com.br\/novo\/wp-json\/wp\/v2\/posts\/5429\/revisions\/5433"}],"wp:featuredmedia":[{"embeddable":true,"href":"https:\/\/neuroforma.com.br\/novo\/wp-json\/wp\/v2\/media\/5430"}],"wp:attachment":[{"href":"https:\/\/neuroforma.com.br\/novo\/wp-json\/wp\/v2\/media?parent=5429"}],"wp:term":[{"taxonomy":"category","embeddable":true,"href":"https:\/\/neuroforma.com.br\/novo\/wp-json\/wp\/v2\/categories?post=5429"},{"taxonomy":"post_tag","embeddable":true,"href":"https:\/\/neuroforma.com.br\/novo\/wp-json\/wp\/v2\/tags?post=5429"}],"curies":[{"name":"wp","href":"https:\/\/api.w.org\/{rel}","templated":true}]}}