{"id":5391,"date":"2020-03-24T16:28:25","date_gmt":"2020-03-24T16:28:25","guid":{"rendered":"https:\/\/neuroforma.com.br\/novo\/?p=5391"},"modified":"2020-03-24T16:28:25","modified_gmt":"2020-03-24T16:28:25","slug":"especialistas-explicam-por-que-em-meio-coronavirus-parece-que-vontade-de-tocar-o-rosto-e-maior","status":"publish","type":"post","link":"https:\/\/neuroforma.com.br\/novo\/especialistas-explicam-por-que-em-meio-coronavirus-parece-que-vontade-de-tocar-o-rosto-e-maior\/","title":{"rendered":"Especialistas explicam por que, em meio a coronav\u00edrus, parece que a vontade de tocar o rosto \u00e9 maior"},"content":{"rendered":"<p><img loading=\"lazy\" decoding=\"async\" src=\"https:\/\/neuroforma.com.br\/novo\/wp-content\/uploads\/2020\/03\/site.jpg\" alt=\"site\" width=\"1156\" height=\"577\" class=\"alignleft size-full wp-image-5392\" srcset=\"https:\/\/neuroforma.com.br\/novo\/wp-content\/uploads\/2020\/03\/site.jpg 1156w, https:\/\/neuroforma.com.br\/novo\/wp-content\/uploads\/2020\/03\/site-300x150.jpg 300w, https:\/\/neuroforma.com.br\/novo\/wp-content\/uploads\/2020\/03\/site-768x383.jpg 768w, https:\/\/neuroforma.com.br\/novo\/wp-content\/uploads\/2020\/03\/site-1024x511.jpg 1024w\" sizes=\"auto, (max-width: 1156px) 100vw, 1156px\" \/><\/p>\n<p><em>Com tantas recomenda\u00e7\u00f5es para n\u00e3o levar a m\u00e3o pr\u00f3ximo ao nariz, olhos e boca para prevenir a covid-19, existe a impress\u00e3o de que a vontade do corpo \u00e9, justamente, de contrariar a orienta\u00e7\u00e3o<\/em><\/p>\n<p>Uma das principais medidas para prevenir o novo coronav\u00edrus \u00e9 n\u00e3o encostar as m\u00e3os nos olhos, boca e nariz. Por\u00e9m, em meio a tantas recomenda\u00e7\u00f5es parece que a vontade de tocar ou co\u00e7ar o rosto \u00e9 ainda mais persistente. \u00c9 apenas uma impress\u00e3o? N\u00e3o, isso est\u00e1 acontecendo mesmo, e existem duas explica\u00e7\u00f5es.<\/p>\n<p>A primeira delas \u00e9 que com as orienta\u00e7\u00f5es para conter a pandemia da covid-19 a consci\u00eancia sobre o onde colocamos as m\u00e3os \u00e9 maior. O que antes era autom\u00e1tico, agora est\u00e1 sendo vigiado.<\/p>\n<p>&#8220;N\u00e3o conseguimos mudar t\u00e3o rapidamente um h\u00e1bito, por isso temos a percep\u00e7\u00e3o de que est\u00e1 acontecendo o contr\u00e1rio. Tudo que a gente se programa para n\u00e3o fazer acabamos fazendo naturalmente, porque estamos tentando combater o que j\u00e1 est\u00e1 programado em nosso c\u00e9rebro&#8221;, afirma K\u00e1tia Bonfadini Pires, psic\u00f3loga especialista em psicologia hospitalar e mestre em sa\u00fade coletiva, da cl\u00ednica Leger.<\/p>\n<p>Keitiline Viacava, p\u00f3s-doutora em neuroci\u00eancia cognitiva pela Universidade de Georgetown, nos Estados Unidos, concorda. &#8220;Tocar o rosto \u00e9 um comportamento que temos h\u00e1 muitos anos, desde a barriga da m\u00e3e, \u00e9 muito automatizado, a gente faz quase sem querer.&#8221;<\/p>\n<p>A not\u00edcia ruim \u00e9 que por se tratar de um h\u00e1bito, a mudan\u00e7a n\u00e3o ser\u00e1 instant\u00e2nea. A altera\u00e7\u00e3o de um costume \u00e9 lenta e gradativa. &#8220;\u00c9 como um aprendizado: precisa de tempo para observar, assimilar e depois passar a reproduzir&#8221;, explica a psic\u00f3loga. No entanto, por ser algo que j\u00e1 estava estabelecido ainda \u00e9 necess\u00e1rio um per\u00edodo maior para &#8216;apagar&#8217; o que j\u00e1 \u00e9 uma pr\u00e1tica.<\/p>\n<p>A not\u00edcia boa \u00e9 que o primeiro passo para deixar de fazer algo no autom\u00e1tico \u00e9 perceber que isso est\u00e1 ocorrendo antes mesmo de pensar. &#8220;Essa impress\u00e3o na verdade pode ser apenas a nossa tomada de consci\u00eancia. Isso \u00e9 fundamental para que a gente consiga controlar essa vontade. H\u00e1bito \u00e9 dif\u00edcil de transformar, n\u00e3o se frustre se n\u00e3o conseguir imediatamente&#8221;, diz a neurocientista.<\/p>\n<p>Agora vem a parte que n\u00e3o \u00e9 t\u00e3o otimista: esse desejo quase que incontrol\u00e1vel de co\u00e7ar mais o nariz, a boca e os olhos pode ocorrer porque todos os alertas para n\u00e3o colocar as m\u00e3os no rosto podem, em alguns casos, funcionar como um gatilho. Esse fen\u00f4meno tamb\u00e9m \u00e9 conhecido como espelhamento e \u00e9 o mesmo do bocejo. Ao ver uma pessoa bocejando, surge no mesmo momento a vontade de bocejar tamb\u00e9m.<\/p>\n<p>Portanto, para ser considerado uma rea\u00e7\u00e3o a um est\u00edmulo o impulso de tocar o rosto tem que surgir no mesmo momento em que se ouve uma recomenda\u00e7\u00e3o para n\u00e3o faz\u00ea-lo. &#8220;O c\u00e9rebro n\u00e3o compreende muito bem os processos do n\u00e3o. Mecanicamente estamos tentando evitar um funcionamento natural&#8221;, ressalta a mestre em sa\u00fade coletiva. Ao tentar proibir um comportamento, gasta-se energia para primeiro neg\u00e1-lo e depois para consolidar a atitude nova.<\/p>\n<p>Dicas para deixar de tocar no rosto<br \/>\nMas se n\u00e3o \u00e9 muito efetivo passar a mensagem de que algo \u00e9 proibido, como mudar um h\u00e1bito? &#8220;\u00c9 poss\u00edvel mudar, mas leva um tempo. Para uma situa\u00e7\u00e3o de crise, uma emerg\u00eancia, o c\u00e9rebro funciona melhor com as instru\u00e7\u00f5es assertivas do que com as negativas&#8221;, explica K\u00e1tia. Segundo a especialista precisamos mudar a maneira que &#8220;falamos&#8221; com n\u00f3s mesmos. No lugar de pedir para &#8220;n\u00e3o colocar as m\u00e3os no rosto&#8221;, \u00e9 melhor orientar para &#8220;deixar as m\u00e3os longe do rosto&#8221;.<\/p>\n<p>Al\u00e9m de ter consci\u00eancia das vezes em que voc\u00ea descumpre a recomenda\u00e7\u00e3o para prevenir o coronav\u00edrus tamb\u00e9m \u00e9 importante chamar aten\u00e7\u00e3o das pessoas que est\u00e3o a sua volta. Keitiline refor\u00e7a que isso deve ser feito de maneira emp\u00e1tica e afetiva: &#8220;fale sorrindo, descontra\u00eddo, deixe o julgamento de lado, n\u00f3s estamos todos no mesmo barco. Ser mais leve cria ambientes psicologicamente seguros e existe uma maior ades\u00e3o a orienta\u00e7\u00f5es de seguran\u00e7a&#8221;.<\/p>\n<p>De acordo com a neurocientista, outro passo para mudar o h\u00e1bito \u00e9 &#8220;revisar o momento&#8221; em que voc\u00ea percebe o erro. Pergunte-se algo em espec\u00edfico fez voc\u00ea tocar o nariz, a boca e os olhos. Assim, \u00e9 poss\u00edvel alterar tamb\u00e9m contextos e situa\u00e7\u00f5es que levem ao comportamento indesejado.<\/p>\n<p>Fonte: Vida e estilo\/ Terra<\/p>\n","protected":false},"excerpt":{"rendered":"<p>Com tantas recomenda\u00e7\u00f5es para n\u00e3o levar a m\u00e3o pr\u00f3ximo ao nariz, olhos e boca para prevenir a covid-19, existe a impress\u00e3o de que a vontade do corpo \u00e9, justamente, de contrariar a orienta\u00e7\u00e3o Uma das principais medidas para prevenir o novo coronav\u00edrus \u00e9 n\u00e3o encostar as m\u00e3os nos olhos, boca e nariz. Por\u00e9m, em meio &hellip; <a href=\"https:\/\/neuroforma.com.br\/novo\/especialistas-explicam-por-que-em-meio-coronavirus-parece-que-vontade-de-tocar-o-rosto-e-maior\/\" class=\"more-link\">Continue lendo <span class=\"screen-reader-text\">Especialistas explicam por que, em meio a coronav\u00edrus, parece que a vontade de tocar o rosto \u00e9 maior<\/span> <span class=\"meta-nav\">&rarr;<\/span><\/a><\/p>\n","protected":false},"author":1,"featured_media":5392,"comment_status":"closed","ping_status":"closed","sticky":false,"template":"","format":"standard","meta":{"footnotes":""},"categories":[1],"tags":[],"class_list":["post-5391","post","type-post","status-publish","format-standard","has-post-thumbnail","hentry","category-uncategorized","repupress_customize_woocommerce_productom_class"],"yoast_head":"<!-- This site is optimized with the Yoast SEO plugin v26.9 - https:\/\/yoast.com\/product\/yoast-seo-wordpress\/ -->\n<title>Especialistas explicam por que, em meio a coronav\u00edrus, parece que a vontade de tocar o rosto \u00e9 maior -<\/title>\n<meta name=\"robots\" content=\"index, follow, max-snippet:-1, max-image-preview:large, max-video-preview:-1\" \/>\n<link rel=\"canonical\" href=\"https:\/\/neuroforma.com.br\/novo\/especialistas-explicam-por-que-em-meio-coronavirus-parece-que-vontade-de-tocar-o-rosto-e-maior\/\" \/>\n<meta property=\"og:locale\" content=\"pt_BR\" \/>\n<meta property=\"og:type\" content=\"article\" \/>\n<meta property=\"og:title\" content=\"Especialistas explicam por que, em meio a coronav\u00edrus, parece que a vontade de tocar o rosto \u00e9 maior -\" \/>\n<meta property=\"og:description\" content=\"Com tantas recomenda\u00e7\u00f5es para n\u00e3o levar a m\u00e3o pr\u00f3ximo ao nariz, olhos e boca para prevenir a covid-19, existe a impress\u00e3o de que a vontade do corpo \u00e9, justamente, de contrariar a orienta\u00e7\u00e3o Uma das principais medidas para prevenir o novo coronav\u00edrus \u00e9 n\u00e3o encostar as m\u00e3os nos olhos, boca e nariz. Por\u00e9m, em meio &hellip; Continue lendo Especialistas explicam por que, em meio a coronav\u00edrus, parece que a vontade de tocar o rosto \u00e9 maior &rarr;\" \/>\n<meta property=\"og:url\" content=\"https:\/\/neuroforma.com.br\/novo\/especialistas-explicam-por-que-em-meio-coronavirus-parece-que-vontade-de-tocar-o-rosto-e-maior\/\" \/>\n<meta property=\"article:published_time\" content=\"2020-03-24T16:28:25+00:00\" \/>\n<meta property=\"og:image\" content=\"https:\/\/neuroforma.com.br\/novo\/wp-content\/uploads\/2020\/03\/site.jpg\" \/>\n\t<meta property=\"og:image:width\" content=\"1156\" \/>\n\t<meta property=\"og:image:height\" content=\"577\" \/>\n\t<meta property=\"og:image:type\" content=\"image\/jpeg\" \/>\n<meta name=\"author\" content=\"admin\" \/>\n<meta name=\"twitter:label1\" content=\"Escrito por\" \/>\n\t<meta name=\"twitter:data1\" content=\"admin\" \/>\n\t<meta name=\"twitter:label2\" content=\"Est. tempo de leitura\" \/>\n\t<meta name=\"twitter:data2\" content=\"4 minutos\" \/>\n<script type=\"application\/ld+json\" class=\"yoast-schema-graph\">{\"@context\":\"https:\/\/schema.org\",\"@graph\":[{\"@type\":\"Article\",\"@id\":\"https:\/\/neuroforma.com.br\/novo\/especialistas-explicam-por-que-em-meio-coronavirus-parece-que-vontade-de-tocar-o-rosto-e-maior\/#article\",\"isPartOf\":{\"@id\":\"https:\/\/neuroforma.com.br\/novo\/especialistas-explicam-por-que-em-meio-coronavirus-parece-que-vontade-de-tocar-o-rosto-e-maior\/\"},\"author\":{\"name\":\"admin\",\"@id\":\"https:\/\/neuroforma.com.br\/novo\/#\/schema\/person\/12d211761dd8050314f7756a31961c56\"},\"headline\":\"Especialistas explicam por que, em meio a coronav\u00edrus, parece que a vontade de tocar o rosto \u00e9 maior\",\"datePublished\":\"2020-03-24T16:28:25+00:00\",\"mainEntityOfPage\":{\"@id\":\"https:\/\/neuroforma.com.br\/novo\/especialistas-explicam-por-que-em-meio-coronavirus-parece-que-vontade-de-tocar-o-rosto-e-maior\/\"},\"wordCount\":789,\"image\":{\"@id\":\"https:\/\/neuroforma.com.br\/novo\/especialistas-explicam-por-que-em-meio-coronavirus-parece-que-vontade-de-tocar-o-rosto-e-maior\/#primaryimage\"},\"thumbnailUrl\":\"https:\/\/neuroforma.com.br\/novo\/wp-content\/uploads\/2020\/03\/site.jpg\",\"articleSection\":[\"Uncategorized\"],\"inLanguage\":\"pt-BR\"},{\"@type\":\"WebPage\",\"@id\":\"https:\/\/neuroforma.com.br\/novo\/especialistas-explicam-por-que-em-meio-coronavirus-parece-que-vontade-de-tocar-o-rosto-e-maior\/\",\"url\":\"https:\/\/neuroforma.com.br\/novo\/especialistas-explicam-por-que-em-meio-coronavirus-parece-que-vontade-de-tocar-o-rosto-e-maior\/\",\"name\":\"Especialistas explicam por que, em meio a coronav\u00edrus, parece que a vontade de tocar o rosto \u00e9 maior -\",\"isPartOf\":{\"@id\":\"https:\/\/neuroforma.com.br\/novo\/#website\"},\"primaryImageOfPage\":{\"@id\":\"https:\/\/neuroforma.com.br\/novo\/especialistas-explicam-por-que-em-meio-coronavirus-parece-que-vontade-de-tocar-o-rosto-e-maior\/#primaryimage\"},\"image\":{\"@id\":\"https:\/\/neuroforma.com.br\/novo\/especialistas-explicam-por-que-em-meio-coronavirus-parece-que-vontade-de-tocar-o-rosto-e-maior\/#primaryimage\"},\"thumbnailUrl\":\"https:\/\/neuroforma.com.br\/novo\/wp-content\/uploads\/2020\/03\/site.jpg\",\"datePublished\":\"2020-03-24T16:28:25+00:00\",\"author\":{\"@id\":\"https:\/\/neuroforma.com.br\/novo\/#\/schema\/person\/12d211761dd8050314f7756a31961c56\"},\"breadcrumb\":{\"@id\":\"https:\/\/neuroforma.com.br\/novo\/especialistas-explicam-por-que-em-meio-coronavirus-parece-que-vontade-de-tocar-o-rosto-e-maior\/#breadcrumb\"},\"inLanguage\":\"pt-BR\",\"potentialAction\":[{\"@type\":\"ReadAction\",\"target\":[\"https:\/\/neuroforma.com.br\/novo\/especialistas-explicam-por-que-em-meio-coronavirus-parece-que-vontade-de-tocar-o-rosto-e-maior\/\"]}]},{\"@type\":\"ImageObject\",\"inLanguage\":\"pt-BR\",\"@id\":\"https:\/\/neuroforma.com.br\/novo\/especialistas-explicam-por-que-em-meio-coronavirus-parece-que-vontade-de-tocar-o-rosto-e-maior\/#primaryimage\",\"url\":\"https:\/\/neuroforma.com.br\/novo\/wp-content\/uploads\/2020\/03\/site.jpg\",\"contentUrl\":\"https:\/\/neuroforma.com.br\/novo\/wp-content\/uploads\/2020\/03\/site.jpg\",\"width\":1156,\"height\":577},{\"@type\":\"BreadcrumbList\",\"@id\":\"https:\/\/neuroforma.com.br\/novo\/especialistas-explicam-por-que-em-meio-coronavirus-parece-que-vontade-de-tocar-o-rosto-e-maior\/#breadcrumb\",\"itemListElement\":[{\"@type\":\"ListItem\",\"position\":1,\"name\":\"Home\",\"item\":\"https:\/\/neuroforma.com.br\/novo\/\"},{\"@type\":\"ListItem\",\"position\":2,\"name\":\"Especialistas explicam por que, em meio a coronav\u00edrus, parece que a vontade de tocar o rosto \u00e9 maior\"}]},{\"@type\":\"WebSite\",\"@id\":\"https:\/\/neuroforma.com.br\/novo\/#website\",\"url\":\"https:\/\/neuroforma.com.br\/novo\/\",\"name\":\"\",\"description\":\"\",\"potentialAction\":[{\"@type\":\"SearchAction\",\"target\":{\"@type\":\"EntryPoint\",\"urlTemplate\":\"https:\/\/neuroforma.com.br\/novo\/?s={search_term_string}\"},\"query-input\":{\"@type\":\"PropertyValueSpecification\",\"valueRequired\":true,\"valueName\":\"search_term_string\"}}],\"inLanguage\":\"pt-BR\"},{\"@type\":\"Person\",\"@id\":\"https:\/\/neuroforma.com.br\/novo\/#\/schema\/person\/12d211761dd8050314f7756a31961c56\",\"name\":\"admin\",\"image\":{\"@type\":\"ImageObject\",\"inLanguage\":\"pt-BR\",\"@id\":\"https:\/\/neuroforma.com.br\/novo\/#\/schema\/person\/image\/\",\"url\":\"https:\/\/secure.gravatar.com\/avatar\/78c99431103c8eac07c3e394450e82f604cfb9126e1520128d5a7033920b57e5?s=96&d=mm&r=g\",\"contentUrl\":\"https:\/\/secure.gravatar.com\/avatar\/78c99431103c8eac07c3e394450e82f604cfb9126e1520128d5a7033920b57e5?s=96&d=mm&r=g\",\"caption\":\"admin\"},\"url\":\"https:\/\/neuroforma.com.br\/novo\/author\/admin\/\"}]}<\/script>\n<!-- \/ Yoast SEO plugin. -->","yoast_head_json":{"title":"Especialistas explicam por que, em meio a coronav\u00edrus, parece que a vontade de tocar o rosto \u00e9 maior -","robots":{"index":"index","follow":"follow","max-snippet":"max-snippet:-1","max-image-preview":"max-image-preview:large","max-video-preview":"max-video-preview:-1"},"canonical":"https:\/\/neuroforma.com.br\/novo\/especialistas-explicam-por-que-em-meio-coronavirus-parece-que-vontade-de-tocar-o-rosto-e-maior\/","og_locale":"pt_BR","og_type":"article","og_title":"Especialistas explicam por que, em meio a coronav\u00edrus, parece que a vontade de tocar o rosto \u00e9 maior -","og_description":"Com tantas recomenda\u00e7\u00f5es para n\u00e3o levar a m\u00e3o pr\u00f3ximo ao nariz, olhos e boca para prevenir a covid-19, existe a impress\u00e3o de que a vontade do corpo \u00e9, justamente, de contrariar a orienta\u00e7\u00e3o Uma das principais medidas para prevenir o novo coronav\u00edrus \u00e9 n\u00e3o encostar as m\u00e3os nos olhos, boca e nariz. Por\u00e9m, em meio &hellip; Continue lendo Especialistas explicam por que, em meio a coronav\u00edrus, parece que a vontade de tocar o rosto \u00e9 maior &rarr;","og_url":"https:\/\/neuroforma.com.br\/novo\/especialistas-explicam-por-que-em-meio-coronavirus-parece-que-vontade-de-tocar-o-rosto-e-maior\/","article_published_time":"2020-03-24T16:28:25+00:00","og_image":[{"width":1156,"height":577,"url":"https:\/\/neuroforma.com.br\/novo\/wp-content\/uploads\/2020\/03\/site.jpg","type":"image\/jpeg"}],"author":"admin","twitter_misc":{"Escrito por":"admin","Est. tempo de leitura":"4 minutos"},"schema":{"@context":"https:\/\/schema.org","@graph":[{"@type":"Article","@id":"https:\/\/neuroforma.com.br\/novo\/especialistas-explicam-por-que-em-meio-coronavirus-parece-que-vontade-de-tocar-o-rosto-e-maior\/#article","isPartOf":{"@id":"https:\/\/neuroforma.com.br\/novo\/especialistas-explicam-por-que-em-meio-coronavirus-parece-que-vontade-de-tocar-o-rosto-e-maior\/"},"author":{"name":"admin","@id":"https:\/\/neuroforma.com.br\/novo\/#\/schema\/person\/12d211761dd8050314f7756a31961c56"},"headline":"Especialistas explicam por que, em meio a coronav\u00edrus, parece que a vontade de tocar o rosto \u00e9 maior","datePublished":"2020-03-24T16:28:25+00:00","mainEntityOfPage":{"@id":"https:\/\/neuroforma.com.br\/novo\/especialistas-explicam-por-que-em-meio-coronavirus-parece-que-vontade-de-tocar-o-rosto-e-maior\/"},"wordCount":789,"image":{"@id":"https:\/\/neuroforma.com.br\/novo\/especialistas-explicam-por-que-em-meio-coronavirus-parece-que-vontade-de-tocar-o-rosto-e-maior\/#primaryimage"},"thumbnailUrl":"https:\/\/neuroforma.com.br\/novo\/wp-content\/uploads\/2020\/03\/site.jpg","articleSection":["Uncategorized"],"inLanguage":"pt-BR"},{"@type":"WebPage","@id":"https:\/\/neuroforma.com.br\/novo\/especialistas-explicam-por-que-em-meio-coronavirus-parece-que-vontade-de-tocar-o-rosto-e-maior\/","url":"https:\/\/neuroforma.com.br\/novo\/especialistas-explicam-por-que-em-meio-coronavirus-parece-que-vontade-de-tocar-o-rosto-e-maior\/","name":"Especialistas explicam por que, em meio a coronav\u00edrus, parece que a vontade de tocar o rosto \u00e9 maior -","isPartOf":{"@id":"https:\/\/neuroforma.com.br\/novo\/#website"},"primaryImageOfPage":{"@id":"https:\/\/neuroforma.com.br\/novo\/especialistas-explicam-por-que-em-meio-coronavirus-parece-que-vontade-de-tocar-o-rosto-e-maior\/#primaryimage"},"image":{"@id":"https:\/\/neuroforma.com.br\/novo\/especialistas-explicam-por-que-em-meio-coronavirus-parece-que-vontade-de-tocar-o-rosto-e-maior\/#primaryimage"},"thumbnailUrl":"https:\/\/neuroforma.com.br\/novo\/wp-content\/uploads\/2020\/03\/site.jpg","datePublished":"2020-03-24T16:28:25+00:00","author":{"@id":"https:\/\/neuroforma.com.br\/novo\/#\/schema\/person\/12d211761dd8050314f7756a31961c56"},"breadcrumb":{"@id":"https:\/\/neuroforma.com.br\/novo\/especialistas-explicam-por-que-em-meio-coronavirus-parece-que-vontade-de-tocar-o-rosto-e-maior\/#breadcrumb"},"inLanguage":"pt-BR","potentialAction":[{"@type":"ReadAction","target":["https:\/\/neuroforma.com.br\/novo\/especialistas-explicam-por-que-em-meio-coronavirus-parece-que-vontade-de-tocar-o-rosto-e-maior\/"]}]},{"@type":"ImageObject","inLanguage":"pt-BR","@id":"https:\/\/neuroforma.com.br\/novo\/especialistas-explicam-por-que-em-meio-coronavirus-parece-que-vontade-de-tocar-o-rosto-e-maior\/#primaryimage","url":"https:\/\/neuroforma.com.br\/novo\/wp-content\/uploads\/2020\/03\/site.jpg","contentUrl":"https:\/\/neuroforma.com.br\/novo\/wp-content\/uploads\/2020\/03\/site.jpg","width":1156,"height":577},{"@type":"BreadcrumbList","@id":"https:\/\/neuroforma.com.br\/novo\/especialistas-explicam-por-que-em-meio-coronavirus-parece-que-vontade-de-tocar-o-rosto-e-maior\/#breadcrumb","itemListElement":[{"@type":"ListItem","position":1,"name":"Home","item":"https:\/\/neuroforma.com.br\/novo\/"},{"@type":"ListItem","position":2,"name":"Especialistas explicam por que, em meio a coronav\u00edrus, parece que a vontade de tocar o rosto \u00e9 maior"}]},{"@type":"WebSite","@id":"https:\/\/neuroforma.com.br\/novo\/#website","url":"https:\/\/neuroforma.com.br\/novo\/","name":"","description":"","potentialAction":[{"@type":"SearchAction","target":{"@type":"EntryPoint","urlTemplate":"https:\/\/neuroforma.com.br\/novo\/?s={search_term_string}"},"query-input":{"@type":"PropertyValueSpecification","valueRequired":true,"valueName":"search_term_string"}}],"inLanguage":"pt-BR"},{"@type":"Person","@id":"https:\/\/neuroforma.com.br\/novo\/#\/schema\/person\/12d211761dd8050314f7756a31961c56","name":"admin","image":{"@type":"ImageObject","inLanguage":"pt-BR","@id":"https:\/\/neuroforma.com.br\/novo\/#\/schema\/person\/image\/","url":"https:\/\/secure.gravatar.com\/avatar\/78c99431103c8eac07c3e394450e82f604cfb9126e1520128d5a7033920b57e5?s=96&d=mm&r=g","contentUrl":"https:\/\/secure.gravatar.com\/avatar\/78c99431103c8eac07c3e394450e82f604cfb9126e1520128d5a7033920b57e5?s=96&d=mm&r=g","caption":"admin"},"url":"https:\/\/neuroforma.com.br\/novo\/author\/admin\/"}]}},"_links":{"self":[{"href":"https:\/\/neuroforma.com.br\/novo\/wp-json\/wp\/v2\/posts\/5391","targetHints":{"allow":["GET"]}}],"collection":[{"href":"https:\/\/neuroforma.com.br\/novo\/wp-json\/wp\/v2\/posts"}],"about":[{"href":"https:\/\/neuroforma.com.br\/novo\/wp-json\/wp\/v2\/types\/post"}],"author":[{"embeddable":true,"href":"https:\/\/neuroforma.com.br\/novo\/wp-json\/wp\/v2\/users\/1"}],"replies":[{"embeddable":true,"href":"https:\/\/neuroforma.com.br\/novo\/wp-json\/wp\/v2\/comments?post=5391"}],"version-history":[{"count":1,"href":"https:\/\/neuroforma.com.br\/novo\/wp-json\/wp\/v2\/posts\/5391\/revisions"}],"predecessor-version":[{"id":5393,"href":"https:\/\/neuroforma.com.br\/novo\/wp-json\/wp\/v2\/posts\/5391\/revisions\/5393"}],"wp:featuredmedia":[{"embeddable":true,"href":"https:\/\/neuroforma.com.br\/novo\/wp-json\/wp\/v2\/media\/5392"}],"wp:attachment":[{"href":"https:\/\/neuroforma.com.br\/novo\/wp-json\/wp\/v2\/media?parent=5391"}],"wp:term":[{"taxonomy":"category","embeddable":true,"href":"https:\/\/neuroforma.com.br\/novo\/wp-json\/wp\/v2\/categories?post=5391"},{"taxonomy":"post_tag","embeddable":true,"href":"https:\/\/neuroforma.com.br\/novo\/wp-json\/wp\/v2\/tags?post=5391"}],"curies":[{"name":"wp","href":"https:\/\/api.w.org\/{rel}","templated":true}]}}