{"id":5374,"date":"2020-03-10T23:21:48","date_gmt":"2020-03-10T23:21:48","guid":{"rendered":"https:\/\/neuroforma.com.br\/novo\/?p=5374"},"modified":"2020-03-10T23:21:57","modified_gmt":"2020-03-10T23:21:57","slug":"alzheimer-e-tema-de-exposicao-na-casa-de-ciencia-da-ufrj","status":"publish","type":"post","link":"https:\/\/neuroforma.com.br\/novo\/alzheimer-e-tema-de-exposicao-na-casa-de-ciencia-da-ufrj\/","title":{"rendered":"Alzheimer \u00e9 tema de exposi\u00e7\u00e3o na Casa de Ci\u00eancia da UFRJ"},"content":{"rendered":"<p><img loading=\"lazy\" decoding=\"async\" src=\"https:\/\/neuroforma.com.br\/novo\/wp-content\/uploads\/2020\/03\/site-copy.png\" alt=\"site-copy\" width=\"1156\" height=\"577\" class=\"alignleft size-full wp-image-5375\" srcset=\"https:\/\/neuroforma.com.br\/novo\/wp-content\/uploads\/2020\/03\/site-copy.png 1156w, https:\/\/neuroforma.com.br\/novo\/wp-content\/uploads\/2020\/03\/site-copy-300x150.png 300w, https:\/\/neuroforma.com.br\/novo\/wp-content\/uploads\/2020\/03\/site-copy-768x383.png 768w, https:\/\/neuroforma.com.br\/novo\/wp-content\/uploads\/2020\/03\/site-copy-1024x511.png 1024w\" sizes=\"auto, (max-width: 1156px) 100vw, 1156px\" \/><\/p>\n<p><em>Projeto re\u00fane obras de vinte artistas brasileiros que apresentam seus olhares sobre a doen\u00e7a. Entrada \u00e9 gratuita.<\/em><\/p>\n<p>Vinte artistas brasileiros aceitaram o desafio de apresentar atrav\u00e9s da arte uma vis\u00e3o sobre o Alzheimer. O resultado dessa iniciativa poder\u00e1 ser vista na exposi\u00e7\u00e3o &#8220;Alzheimer \u2013 20 Artistas e uma das Maiores Crises de Sa\u00fade do nosso Tempo&#8221;, que come\u00e7a nesta quinta-feira (5) e vai at\u00e9 31 de maio, na Casa da Ci\u00eancia da UFRJ.<\/p>\n<p>Participam da exposi\u00e7\u00e3o os artistas Alberto Pereira, Gustavot Diaz, Ingrid Bittar, Marcia Albuquerque, Camile Sproesser, Diego Max, Mauricio Planel, Mazola Marcnou, Pas Schaefer, Andre Mogle, Domitila de Paulo, Marcel Lisboa, Mariana San Martin, Jesso Alves, Flavio Gr\u00e3o, B\u00e1rbara Malagoli, Hanna Lucatelli, Pina, Luiza de Alexandre e Apolo Torres.<\/p>\n<p>Idealizada pelo coletivo ArtBio e patrocinada pela Rede D\u2019Or S\u00e3o Luiz, a exposi\u00e7\u00e3o prop\u00f5e um di\u00e1logo com a tem\u00e1tica do c\u00e9rebro, explorando quest\u00f5es como mem\u00f3rias e o envelhecimento. A entrada \u00e9 gratuita.<\/p>\n<p>Associada \u00e0 senilidade, a doen\u00e7a provoca perda de mem\u00f3ria, dificuldade de aten\u00e7\u00e3o, orienta\u00e7\u00e3o, al\u00e9m da perda de outras fun\u00e7\u00f5es cognitivas. Atualmente, estima-se que haja 35,6 milh\u00f5es de casos de Alzheimer no mundo e, no Brasil, o n\u00famero chega a 1,2 milh\u00e3o.<\/p>\n<p>Fundador da ArtBio, Igor Fonseca avalia que embora a doen\u00e7a ainda n\u00e3o possa ser curada ou interrompida, a\u00e7\u00f5es de sensibiliza\u00e7\u00e3o e acesso \u00e0 informa\u00e7\u00e3o s\u00e3o fundamentais. \u201cAcreditamos que a arte tem pot\u00eancia para sintetizar quest\u00f5es fundamentais para a humanidade. Por isso, buscamos estimular debates relevantes atrav\u00e9s da perspectiva art\u00edstica\u201d, explica.<\/p>\n<p>Para o professor da UFRJ e pesquisador do Instituto D\u2019Or de Pesquisa e Ensino (IDOR), Stevens Rehen, que participar\u00e1 de uma mesa sobre o tema no dia 19 de mar\u00e7o, o olhar art\u00edstico humaniza a pr\u00f3pria ci\u00eancia, e tanto dem\u00eancia quanto a doen\u00e7a de Alzheimer s\u00e3o assuntos cuja reflex\u00e3o se faz oportuna devido ao envelhecimento da popula\u00e7\u00e3o. \u201cA arte nos possibilita enxergar o mundo de uma forma mais sens\u00edvel e nos ajuda a debater temas que nem sempre s\u00e3o f\u00e1ceis. \u00c9 ousada a proposta da exposi\u00e7\u00e3o, mas \u00e9 necess\u00e1ria. A expectativa de vida continua aumentando, acompanhada de mais casos de Alzheimer no mundo\u201d, avalia.<\/p>\n<p>Igor explica que cada artista teve total liberdade para criar a sua obra. Alguns j\u00e1 vivenciaram o drama da doen\u00e7a, seja atrav\u00e9s de casos familiares ou pelo conv\u00edvio com pessoas pr\u00f3ximas acometidas. Outros exploraram o assunto a partir de pesquisas e percep\u00e7\u00f5es pr\u00f3prias. \u201cReunimos artistas visuais experientes e jovens talentos que est\u00e3o despontando no cen\u00e1rio das artes. Homens e mulheres com identidade pr\u00f3pria, com personalidade, com diferentes hist\u00f3rias de vida\u201d, conta.<\/p>\n<p>O resultado \u00e9 um painel de interpreta\u00e7\u00f5es que, em comum, da colagem ao graffitti, da pintura a \u00f3leo ao carv\u00e3o, revelam um olhar sens\u00edvel e humanista sobre o tema. Na exposi\u00e7\u00e3o, as obras, produzidas originalmente em diferentes t\u00e9cnicas, ser\u00e3o apresentadas em amplia\u00e7\u00f5es de aproximadamente dois metros de altura e acompanhadas de breves textos escritos pelos artistas que complementam suas interpreta\u00e7\u00f5es.<\/p>\n<p><strong><strong>A\u00e7\u00f5es complementares<\/strong><\/strong><\/p>\n<p>A mesa com a participa\u00e7\u00e3o do Stevens Rehen faz parte de uma s\u00e9rie de a\u00e7\u00f5es complementares que ser\u00e3o realizadas em paralelo \u00e0 exposi\u00e7\u00e3o. O encontro do dia 19, que tamb\u00e9m ser\u00e1 na Casa da Ci\u00eancia da UFRJ, intitulado &#8216;Experi\u00eancias e Mem\u00f3rias&#8217;, contar\u00e1 com a presen\u00e7a de pesquisadores e artistas. Entre eles: Mariana San Martin, Mar\u00edlia Zaluar, Cl\u00e1udia Figueiredo, Maur\u00edcio Planel, Marcia Albuquerque e Alberto Pereira. Haver\u00e1 ainda uma campanha de divulga\u00e7\u00e3o de busdoor que apresentar\u00e1 as obras art\u00edsticas nas traseiras de \u00f4nibus urbanos, funcionando como uma galeria m\u00f3vel a c\u00e9u aberto. E tamb\u00e9m ser\u00e1 produzido um document\u00e1rio, que abordar\u00e1 de forma sens\u00edvel o envelhecimento e a doen\u00e7a de alzheimer.<\/p>\n<p><strong><strong>Servi\u00e7o<\/strong><\/strong><\/p>\n<p>Alzheimer \u2013 20 Artistas e uma das Maiores Crises de Sa\u00fade do nosso Tempo<\/p>\n<p>Local: Casa da Ci\u00eancia da UFRJ \u2013 Rua Lauro M\u00fcller, 3 \u2013 Botafogo \u2013 RJ<br \/>\nDe 05\/03 at\u00e9 31\/05 \u2013 ter\u00e7a a sexta, das 9h \u00e0s 20h \/ s\u00e1bado, domingo e feriados, das 10h \u00e0s 20h<br \/>\nEntrada Gratuita<\/p>\n<p><em>fonte: G1<\/em><\/p>\n","protected":false},"excerpt":{"rendered":"<p>Projeto re\u00fane obras de vinte artistas brasileiros que apresentam seus olhares sobre a doen\u00e7a. Entrada \u00e9 gratuita. Vinte artistas brasileiros aceitaram o desafio de apresentar atrav\u00e9s da arte uma vis\u00e3o sobre o Alzheimer. O resultado dessa iniciativa poder\u00e1 ser vista na exposi\u00e7\u00e3o &#8220;Alzheimer \u2013 20 Artistas e uma das Maiores Crises de Sa\u00fade do nosso &hellip; <a href=\"https:\/\/neuroforma.com.br\/novo\/alzheimer-e-tema-de-exposicao-na-casa-de-ciencia-da-ufrj\/\" class=\"more-link\">Continue lendo <span class=\"screen-reader-text\">Alzheimer \u00e9 tema de exposi\u00e7\u00e3o na Casa de Ci\u00eancia da UFRJ<\/span> <span class=\"meta-nav\">&rarr;<\/span><\/a><\/p>\n","protected":false},"author":1,"featured_media":5375,"comment_status":"closed","ping_status":"closed","sticky":false,"template":"","format":"standard","meta":{"footnotes":""},"categories":[1],"tags":[],"class_list":["post-5374","post","type-post","status-publish","format-standard","has-post-thumbnail","hentry","category-uncategorized","repupress_customize_woocommerce_productom_class"],"yoast_head":"<!-- This site is optimized with the Yoast SEO plugin v26.9 - https:\/\/yoast.com\/product\/yoast-seo-wordpress\/ -->\n<title>Alzheimer \u00e9 tema de exposi\u00e7\u00e3o na Casa de Ci\u00eancia da UFRJ -<\/title>\n<meta name=\"robots\" content=\"index, follow, max-snippet:-1, max-image-preview:large, max-video-preview:-1\" \/>\n<link rel=\"canonical\" href=\"https:\/\/neuroforma.com.br\/novo\/alzheimer-e-tema-de-exposicao-na-casa-de-ciencia-da-ufrj\/\" \/>\n<meta property=\"og:locale\" content=\"pt_BR\" \/>\n<meta property=\"og:type\" content=\"article\" \/>\n<meta property=\"og:title\" content=\"Alzheimer \u00e9 tema de exposi\u00e7\u00e3o na Casa de Ci\u00eancia da UFRJ -\" \/>\n<meta property=\"og:description\" content=\"Projeto re\u00fane obras de vinte artistas brasileiros que apresentam seus olhares sobre a doen\u00e7a. Entrada \u00e9 gratuita. Vinte artistas brasileiros aceitaram o desafio de apresentar atrav\u00e9s da arte uma vis\u00e3o sobre o Alzheimer. O resultado dessa iniciativa poder\u00e1 ser vista na exposi\u00e7\u00e3o &#8220;Alzheimer \u2013 20 Artistas e uma das Maiores Crises de Sa\u00fade do nosso &hellip; Continue lendo Alzheimer \u00e9 tema de exposi\u00e7\u00e3o na Casa de Ci\u00eancia da UFRJ &rarr;\" \/>\n<meta property=\"og:url\" content=\"https:\/\/neuroforma.com.br\/novo\/alzheimer-e-tema-de-exposicao-na-casa-de-ciencia-da-ufrj\/\" \/>\n<meta property=\"article:published_time\" content=\"2020-03-10T23:21:48+00:00\" \/>\n<meta property=\"article:modified_time\" content=\"2020-03-10T23:21:57+00:00\" \/>\n<meta property=\"og:image\" content=\"https:\/\/neuroforma.com.br\/novo\/wp-content\/uploads\/2020\/03\/site-copy.png\" \/>\n\t<meta property=\"og:image:width\" content=\"1156\" \/>\n\t<meta property=\"og:image:height\" content=\"577\" \/>\n\t<meta property=\"og:image:type\" content=\"image\/png\" \/>\n<meta name=\"author\" content=\"admin\" \/>\n<meta name=\"twitter:label1\" content=\"Escrito por\" \/>\n\t<meta name=\"twitter:data1\" content=\"admin\" \/>\n\t<meta name=\"twitter:label2\" content=\"Est. tempo de leitura\" \/>\n\t<meta name=\"twitter:data2\" content=\"4 minutos\" \/>\n<script type=\"application\/ld+json\" class=\"yoast-schema-graph\">{\"@context\":\"https:\/\/schema.org\",\"@graph\":[{\"@type\":\"Article\",\"@id\":\"https:\/\/neuroforma.com.br\/novo\/alzheimer-e-tema-de-exposicao-na-casa-de-ciencia-da-ufrj\/#article\",\"isPartOf\":{\"@id\":\"https:\/\/neuroforma.com.br\/novo\/alzheimer-e-tema-de-exposicao-na-casa-de-ciencia-da-ufrj\/\"},\"author\":{\"name\":\"admin\",\"@id\":\"https:\/\/neuroforma.com.br\/novo\/#\/schema\/person\/12d211761dd8050314f7756a31961c56\"},\"headline\":\"Alzheimer \u00e9 tema de exposi\u00e7\u00e3o na Casa de Ci\u00eancia da UFRJ\",\"datePublished\":\"2020-03-10T23:21:48+00:00\",\"dateModified\":\"2020-03-10T23:21:57+00:00\",\"mainEntityOfPage\":{\"@id\":\"https:\/\/neuroforma.com.br\/novo\/alzheimer-e-tema-de-exposicao-na-casa-de-ciencia-da-ufrj\/\"},\"wordCount\":731,\"image\":{\"@id\":\"https:\/\/neuroforma.com.br\/novo\/alzheimer-e-tema-de-exposicao-na-casa-de-ciencia-da-ufrj\/#primaryimage\"},\"thumbnailUrl\":\"https:\/\/neuroforma.com.br\/novo\/wp-content\/uploads\/2020\/03\/site-copy.png\",\"articleSection\":[\"Uncategorized\"],\"inLanguage\":\"pt-BR\"},{\"@type\":\"WebPage\",\"@id\":\"https:\/\/neuroforma.com.br\/novo\/alzheimer-e-tema-de-exposicao-na-casa-de-ciencia-da-ufrj\/\",\"url\":\"https:\/\/neuroforma.com.br\/novo\/alzheimer-e-tema-de-exposicao-na-casa-de-ciencia-da-ufrj\/\",\"name\":\"Alzheimer \u00e9 tema de exposi\u00e7\u00e3o na Casa de Ci\u00eancia da UFRJ -\",\"isPartOf\":{\"@id\":\"https:\/\/neuroforma.com.br\/novo\/#website\"},\"primaryImageOfPage\":{\"@id\":\"https:\/\/neuroforma.com.br\/novo\/alzheimer-e-tema-de-exposicao-na-casa-de-ciencia-da-ufrj\/#primaryimage\"},\"image\":{\"@id\":\"https:\/\/neuroforma.com.br\/novo\/alzheimer-e-tema-de-exposicao-na-casa-de-ciencia-da-ufrj\/#primaryimage\"},\"thumbnailUrl\":\"https:\/\/neuroforma.com.br\/novo\/wp-content\/uploads\/2020\/03\/site-copy.png\",\"datePublished\":\"2020-03-10T23:21:48+00:00\",\"dateModified\":\"2020-03-10T23:21:57+00:00\",\"author\":{\"@id\":\"https:\/\/neuroforma.com.br\/novo\/#\/schema\/person\/12d211761dd8050314f7756a31961c56\"},\"breadcrumb\":{\"@id\":\"https:\/\/neuroforma.com.br\/novo\/alzheimer-e-tema-de-exposicao-na-casa-de-ciencia-da-ufrj\/#breadcrumb\"},\"inLanguage\":\"pt-BR\",\"potentialAction\":[{\"@type\":\"ReadAction\",\"target\":[\"https:\/\/neuroforma.com.br\/novo\/alzheimer-e-tema-de-exposicao-na-casa-de-ciencia-da-ufrj\/\"]}]},{\"@type\":\"ImageObject\",\"inLanguage\":\"pt-BR\",\"@id\":\"https:\/\/neuroforma.com.br\/novo\/alzheimer-e-tema-de-exposicao-na-casa-de-ciencia-da-ufrj\/#primaryimage\",\"url\":\"https:\/\/neuroforma.com.br\/novo\/wp-content\/uploads\/2020\/03\/site-copy.png\",\"contentUrl\":\"https:\/\/neuroforma.com.br\/novo\/wp-content\/uploads\/2020\/03\/site-copy.png\",\"width\":1156,\"height\":577},{\"@type\":\"BreadcrumbList\",\"@id\":\"https:\/\/neuroforma.com.br\/novo\/alzheimer-e-tema-de-exposicao-na-casa-de-ciencia-da-ufrj\/#breadcrumb\",\"itemListElement\":[{\"@type\":\"ListItem\",\"position\":1,\"name\":\"Home\",\"item\":\"https:\/\/neuroforma.com.br\/novo\/\"},{\"@type\":\"ListItem\",\"position\":2,\"name\":\"Alzheimer \u00e9 tema de exposi\u00e7\u00e3o na Casa de Ci\u00eancia da UFRJ\"}]},{\"@type\":\"WebSite\",\"@id\":\"https:\/\/neuroforma.com.br\/novo\/#website\",\"url\":\"https:\/\/neuroforma.com.br\/novo\/\",\"name\":\"\",\"description\":\"\",\"potentialAction\":[{\"@type\":\"SearchAction\",\"target\":{\"@type\":\"EntryPoint\",\"urlTemplate\":\"https:\/\/neuroforma.com.br\/novo\/?s={search_term_string}\"},\"query-input\":{\"@type\":\"PropertyValueSpecification\",\"valueRequired\":true,\"valueName\":\"search_term_string\"}}],\"inLanguage\":\"pt-BR\"},{\"@type\":\"Person\",\"@id\":\"https:\/\/neuroforma.com.br\/novo\/#\/schema\/person\/12d211761dd8050314f7756a31961c56\",\"name\":\"admin\",\"image\":{\"@type\":\"ImageObject\",\"inLanguage\":\"pt-BR\",\"@id\":\"https:\/\/neuroforma.com.br\/novo\/#\/schema\/person\/image\/\",\"url\":\"https:\/\/secure.gravatar.com\/avatar\/78c99431103c8eac07c3e394450e82f604cfb9126e1520128d5a7033920b57e5?s=96&d=mm&r=g\",\"contentUrl\":\"https:\/\/secure.gravatar.com\/avatar\/78c99431103c8eac07c3e394450e82f604cfb9126e1520128d5a7033920b57e5?s=96&d=mm&r=g\",\"caption\":\"admin\"},\"url\":\"https:\/\/neuroforma.com.br\/novo\/author\/admin\/\"}]}<\/script>\n<!-- \/ Yoast SEO plugin. -->","yoast_head_json":{"title":"Alzheimer \u00e9 tema de exposi\u00e7\u00e3o na Casa de Ci\u00eancia da UFRJ -","robots":{"index":"index","follow":"follow","max-snippet":"max-snippet:-1","max-image-preview":"max-image-preview:large","max-video-preview":"max-video-preview:-1"},"canonical":"https:\/\/neuroforma.com.br\/novo\/alzheimer-e-tema-de-exposicao-na-casa-de-ciencia-da-ufrj\/","og_locale":"pt_BR","og_type":"article","og_title":"Alzheimer \u00e9 tema de exposi\u00e7\u00e3o na Casa de Ci\u00eancia da UFRJ -","og_description":"Projeto re\u00fane obras de vinte artistas brasileiros que apresentam seus olhares sobre a doen\u00e7a. Entrada \u00e9 gratuita. Vinte artistas brasileiros aceitaram o desafio de apresentar atrav\u00e9s da arte uma vis\u00e3o sobre o Alzheimer. O resultado dessa iniciativa poder\u00e1 ser vista na exposi\u00e7\u00e3o &#8220;Alzheimer \u2013 20 Artistas e uma das Maiores Crises de Sa\u00fade do nosso &hellip; Continue lendo Alzheimer \u00e9 tema de exposi\u00e7\u00e3o na Casa de Ci\u00eancia da UFRJ &rarr;","og_url":"https:\/\/neuroforma.com.br\/novo\/alzheimer-e-tema-de-exposicao-na-casa-de-ciencia-da-ufrj\/","article_published_time":"2020-03-10T23:21:48+00:00","article_modified_time":"2020-03-10T23:21:57+00:00","og_image":[{"width":1156,"height":577,"url":"https:\/\/neuroforma.com.br\/novo\/wp-content\/uploads\/2020\/03\/site-copy.png","type":"image\/png"}],"author":"admin","twitter_misc":{"Escrito por":"admin","Est. tempo de leitura":"4 minutos"},"schema":{"@context":"https:\/\/schema.org","@graph":[{"@type":"Article","@id":"https:\/\/neuroforma.com.br\/novo\/alzheimer-e-tema-de-exposicao-na-casa-de-ciencia-da-ufrj\/#article","isPartOf":{"@id":"https:\/\/neuroforma.com.br\/novo\/alzheimer-e-tema-de-exposicao-na-casa-de-ciencia-da-ufrj\/"},"author":{"name":"admin","@id":"https:\/\/neuroforma.com.br\/novo\/#\/schema\/person\/12d211761dd8050314f7756a31961c56"},"headline":"Alzheimer \u00e9 tema de exposi\u00e7\u00e3o na Casa de Ci\u00eancia da UFRJ","datePublished":"2020-03-10T23:21:48+00:00","dateModified":"2020-03-10T23:21:57+00:00","mainEntityOfPage":{"@id":"https:\/\/neuroforma.com.br\/novo\/alzheimer-e-tema-de-exposicao-na-casa-de-ciencia-da-ufrj\/"},"wordCount":731,"image":{"@id":"https:\/\/neuroforma.com.br\/novo\/alzheimer-e-tema-de-exposicao-na-casa-de-ciencia-da-ufrj\/#primaryimage"},"thumbnailUrl":"https:\/\/neuroforma.com.br\/novo\/wp-content\/uploads\/2020\/03\/site-copy.png","articleSection":["Uncategorized"],"inLanguage":"pt-BR"},{"@type":"WebPage","@id":"https:\/\/neuroforma.com.br\/novo\/alzheimer-e-tema-de-exposicao-na-casa-de-ciencia-da-ufrj\/","url":"https:\/\/neuroforma.com.br\/novo\/alzheimer-e-tema-de-exposicao-na-casa-de-ciencia-da-ufrj\/","name":"Alzheimer \u00e9 tema de exposi\u00e7\u00e3o na Casa de Ci\u00eancia da UFRJ -","isPartOf":{"@id":"https:\/\/neuroforma.com.br\/novo\/#website"},"primaryImageOfPage":{"@id":"https:\/\/neuroforma.com.br\/novo\/alzheimer-e-tema-de-exposicao-na-casa-de-ciencia-da-ufrj\/#primaryimage"},"image":{"@id":"https:\/\/neuroforma.com.br\/novo\/alzheimer-e-tema-de-exposicao-na-casa-de-ciencia-da-ufrj\/#primaryimage"},"thumbnailUrl":"https:\/\/neuroforma.com.br\/novo\/wp-content\/uploads\/2020\/03\/site-copy.png","datePublished":"2020-03-10T23:21:48+00:00","dateModified":"2020-03-10T23:21:57+00:00","author":{"@id":"https:\/\/neuroforma.com.br\/novo\/#\/schema\/person\/12d211761dd8050314f7756a31961c56"},"breadcrumb":{"@id":"https:\/\/neuroforma.com.br\/novo\/alzheimer-e-tema-de-exposicao-na-casa-de-ciencia-da-ufrj\/#breadcrumb"},"inLanguage":"pt-BR","potentialAction":[{"@type":"ReadAction","target":["https:\/\/neuroforma.com.br\/novo\/alzheimer-e-tema-de-exposicao-na-casa-de-ciencia-da-ufrj\/"]}]},{"@type":"ImageObject","inLanguage":"pt-BR","@id":"https:\/\/neuroforma.com.br\/novo\/alzheimer-e-tema-de-exposicao-na-casa-de-ciencia-da-ufrj\/#primaryimage","url":"https:\/\/neuroforma.com.br\/novo\/wp-content\/uploads\/2020\/03\/site-copy.png","contentUrl":"https:\/\/neuroforma.com.br\/novo\/wp-content\/uploads\/2020\/03\/site-copy.png","width":1156,"height":577},{"@type":"BreadcrumbList","@id":"https:\/\/neuroforma.com.br\/novo\/alzheimer-e-tema-de-exposicao-na-casa-de-ciencia-da-ufrj\/#breadcrumb","itemListElement":[{"@type":"ListItem","position":1,"name":"Home","item":"https:\/\/neuroforma.com.br\/novo\/"},{"@type":"ListItem","position":2,"name":"Alzheimer \u00e9 tema de exposi\u00e7\u00e3o na Casa de Ci\u00eancia da UFRJ"}]},{"@type":"WebSite","@id":"https:\/\/neuroforma.com.br\/novo\/#website","url":"https:\/\/neuroforma.com.br\/novo\/","name":"","description":"","potentialAction":[{"@type":"SearchAction","target":{"@type":"EntryPoint","urlTemplate":"https:\/\/neuroforma.com.br\/novo\/?s={search_term_string}"},"query-input":{"@type":"PropertyValueSpecification","valueRequired":true,"valueName":"search_term_string"}}],"inLanguage":"pt-BR"},{"@type":"Person","@id":"https:\/\/neuroforma.com.br\/novo\/#\/schema\/person\/12d211761dd8050314f7756a31961c56","name":"admin","image":{"@type":"ImageObject","inLanguage":"pt-BR","@id":"https:\/\/neuroforma.com.br\/novo\/#\/schema\/person\/image\/","url":"https:\/\/secure.gravatar.com\/avatar\/78c99431103c8eac07c3e394450e82f604cfb9126e1520128d5a7033920b57e5?s=96&d=mm&r=g","contentUrl":"https:\/\/secure.gravatar.com\/avatar\/78c99431103c8eac07c3e394450e82f604cfb9126e1520128d5a7033920b57e5?s=96&d=mm&r=g","caption":"admin"},"url":"https:\/\/neuroforma.com.br\/novo\/author\/admin\/"}]}},"_links":{"self":[{"href":"https:\/\/neuroforma.com.br\/novo\/wp-json\/wp\/v2\/posts\/5374","targetHints":{"allow":["GET"]}}],"collection":[{"href":"https:\/\/neuroforma.com.br\/novo\/wp-json\/wp\/v2\/posts"}],"about":[{"href":"https:\/\/neuroforma.com.br\/novo\/wp-json\/wp\/v2\/types\/post"}],"author":[{"embeddable":true,"href":"https:\/\/neuroforma.com.br\/novo\/wp-json\/wp\/v2\/users\/1"}],"replies":[{"embeddable":true,"href":"https:\/\/neuroforma.com.br\/novo\/wp-json\/wp\/v2\/comments?post=5374"}],"version-history":[{"count":2,"href":"https:\/\/neuroforma.com.br\/novo\/wp-json\/wp\/v2\/posts\/5374\/revisions"}],"predecessor-version":[{"id":5377,"href":"https:\/\/neuroforma.com.br\/novo\/wp-json\/wp\/v2\/posts\/5374\/revisions\/5377"}],"wp:featuredmedia":[{"embeddable":true,"href":"https:\/\/neuroforma.com.br\/novo\/wp-json\/wp\/v2\/media\/5375"}],"wp:attachment":[{"href":"https:\/\/neuroforma.com.br\/novo\/wp-json\/wp\/v2\/media?parent=5374"}],"wp:term":[{"taxonomy":"category","embeddable":true,"href":"https:\/\/neuroforma.com.br\/novo\/wp-json\/wp\/v2\/categories?post=5374"},{"taxonomy":"post_tag","embeddable":true,"href":"https:\/\/neuroforma.com.br\/novo\/wp-json\/wp\/v2\/tags?post=5374"}],"curies":[{"name":"wp","href":"https:\/\/api.w.org\/{rel}","templated":true}]}}