{"id":5303,"date":"2020-01-08T22:40:31","date_gmt":"2020-01-08T22:40:31","guid":{"rendered":"https:\/\/neuroforma.com.br\/novo\/?p=5303"},"modified":"2020-01-08T22:43:12","modified_gmt":"2020-01-08T22:43:12","slug":"estudo-consegue-rastrear-extensao-de-lesoes-ligadas-ao-alzheimer-no-cerebro","status":"publish","type":"post","link":"https:\/\/neuroforma.com.br\/novo\/estudo-consegue-rastrear-extensao-de-lesoes-ligadas-ao-alzheimer-no-cerebro\/","title":{"rendered":"Estudo consegue rastrear extens\u00e3o de les\u00f5es ligadas ao Alzheimer no c\u00e9rebro"},"content":{"rendered":"<p><img loading=\"lazy\" decoding=\"async\" src=\"https:\/\/neuroforma.com.br\/novo\/wp-content\/uploads\/2020\/01\/neuro_ttt.png\" alt=\"neuro_ttt\" width=\"622\" height=\"346\" class=\"alignleft size-full wp-image-5307\" srcset=\"https:\/\/neuroforma.com.br\/novo\/wp-content\/uploads\/2020\/01\/neuro_ttt.png 622w, https:\/\/neuroforma.com.br\/novo\/wp-content\/uploads\/2020\/01\/neuro_ttt-300x167.png 300w\" sizes=\"auto, (max-width: 622px) 100vw, 622px\" \/><\/p>\n<p>Cientistas usam t\u00e9cnicas de imagem para rastrear extens\u00e3o de les\u00f5es relacionadas ao Alzheimer no c\u00e9rebro, em pesquisa in\u00e9dita publicada no peri\u00f3dico Science na quarta-feira (1). Em pessoas saud\u00e1veis, a tau \u00e9 importante para apoiar a estrutura interna das c\u00e9lulas cerebrais. Mas em indiv\u00edduos que t\u00eam Alzheimer, ocorrem altera\u00e7\u00f5es qu\u00edmicas que fazem com que a prote\u00edna forme emaranhados que s\u00e3o associados a uma perda dessas c\u00e9lulas.<\/p>\n<p>Descobrir o local onde essas les\u00f5es, chamadas de emaranhados da prote\u00edna tau, se desenvolvem no corpo \u00e9 fundamental para testar tratamentos que evitam o crescimento de tau e at\u00e9 de beta-amiloide, tamb\u00e9m ligada a esse tipo de dem\u00eancia. Renaud La Joie, um dos autores da pesquisa, disse ao jornal The Guardian que os resultados sugerem que a t\u00e9cnica de imagem pode ser valiosa tanto na escolha de quais pacientes devem testar esses medicamentos quanto no monitoramento do funcionamento desses rem\u00e9dios.<\/p>\n<p><strong><strong>Como o estudo foi feito<\/strong><\/strong><\/p>\n<p>\u2022 Os cientistas da Universidade da Calif\u00f3rnia (EUA) usaram uma t\u00e9cnica de imagem chamada PET para estudar o c\u00e9rebro de 32 pessoas. Os participantes tinham entre 49 e 83 anos e estavam nos est\u00e1gios iniciais de alguns sintomas do Alzheimer.<\/p>\n<p>\u2022 Nessa t\u00e9cnica, eles injetam nos pacientes subst\u00e2ncias que se ligam a placas de beta-amiloide ou a emaranhados de tau.<\/p>\n<p>\u2022 Eles usaram a t\u00e9cnica no in\u00edcio do estudo, assim como uma resson\u00e2ncia magn\u00e9tica. Esta \u00faltima foi repetida 15 meses depois, para rastrear a atrofia cerebral.<\/p>\n<p>\u2022 Os resultados revelaram que o n\u00edvel e a localiza\u00e7\u00e3o dos emaranhados mostrados pela PET no in\u00edcio estavam intimamente ligados ao encolhimento da subst\u00e2ncia cinzenta no c\u00e9rebro.<\/p>\n<p><strong><strong>Como prevenir o Alzheimer?<\/strong><\/strong><\/p>\n<p>Coma de forma saud\u00e1vel Priorize o consumo de vegetais, frutas, sementes e peixes, al\u00e9m de limitar a\u00e7\u00facar, carboidratos refinados, gordura saturada e trans. Estudos indicam que a dieta mediterr\u00e2nea pode ser \u00fatil para a preven\u00e7\u00e3o das dem\u00eancias. Alguns nutrientes espec\u00edficos, como \u00f4mega 3, a vitamina E e o resveratrol (presente na uva), j\u00e1 foram associados \u00e0 redu\u00e7\u00e3o de risco, mas n\u00e3o h\u00e1 evid\u00eancias de que tomar suplementos com essas subst\u00e2ncias diminua a possibilidade de ter Alzheimer.<\/p>\n<p>Pratique atividades f\u00edsicas Al\u00e9m de preservar a sa\u00fade como um todo, os exerc\u00edcios tamb\u00e9m t\u00eam um papel importante para as fun\u00e7\u00f5es cognitivas.<\/p>\n<p>Tenha h\u00e1bitos saud\u00e1veis Cuide de eventuais doen\u00e7as cr\u00f4nicas, como hipertens\u00e3o, diabetes, depress\u00e3o e hipercolesterolemia, e v\u00e1 ao m\u00e9dico regularmente. Durma bem, n\u00e3o fume e evite o consumo de bebidas alco\u00f3licas.<\/p>\n<p>Cultive o lazer e tenha uma vida social ativa Conversar com os amigos, ter um hobby, fazer cursos e ter uma vida intelectual rica ajuda a garantir uma reserva cognitiva, o que pode adiar os sintomas se a pessoa ficar doente.<\/p>\n<p>fonte: vivabem \/ uol<\/p>\n","protected":false},"excerpt":{"rendered":"<p>Cientistas usam t\u00e9cnicas de imagem para rastrear extens\u00e3o de les\u00f5es relacionadas ao Alzheimer no c\u00e9rebro, em pesquisa in\u00e9dita publicada no peri\u00f3dico Science na quarta-feira (1). Em pessoas saud\u00e1veis, a tau \u00e9 importante para apoiar a estrutura interna das c\u00e9lulas cerebrais. Mas em indiv\u00edduos que t\u00eam Alzheimer, ocorrem altera\u00e7\u00f5es qu\u00edmicas que fazem com que a prote\u00edna &hellip; <a href=\"https:\/\/neuroforma.com.br\/novo\/estudo-consegue-rastrear-extensao-de-lesoes-ligadas-ao-alzheimer-no-cerebro\/\" class=\"more-link\">Continue lendo <span class=\"screen-reader-text\">Estudo consegue rastrear extens\u00e3o de les\u00f5es ligadas ao Alzheimer no c\u00e9rebro<\/span> <span class=\"meta-nav\">&rarr;<\/span><\/a><\/p>\n","protected":false},"author":1,"featured_media":5307,"comment_status":"closed","ping_status":"closed","sticky":false,"template":"","format":"standard","meta":{"footnotes":""},"categories":[1],"tags":[],"class_list":["post-5303","post","type-post","status-publish","format-standard","has-post-thumbnail","hentry","category-uncategorized","repupress_customize_woocommerce_productom_class"],"yoast_head":"<!-- This site is optimized with the Yoast SEO plugin v26.9 - https:\/\/yoast.com\/product\/yoast-seo-wordpress\/ -->\n<title>Estudo consegue rastrear extens\u00e3o de les\u00f5es ligadas ao Alzheimer no c\u00e9rebro -<\/title>\n<meta name=\"robots\" content=\"index, follow, max-snippet:-1, max-image-preview:large, max-video-preview:-1\" \/>\n<link rel=\"canonical\" href=\"https:\/\/neuroforma.com.br\/novo\/estudo-consegue-rastrear-extensao-de-lesoes-ligadas-ao-alzheimer-no-cerebro\/\" \/>\n<meta property=\"og:locale\" content=\"pt_BR\" \/>\n<meta property=\"og:type\" content=\"article\" \/>\n<meta property=\"og:title\" content=\"Estudo consegue rastrear extens\u00e3o de les\u00f5es ligadas ao Alzheimer no c\u00e9rebro -\" \/>\n<meta property=\"og:description\" content=\"Cientistas usam t\u00e9cnicas de imagem para rastrear extens\u00e3o de les\u00f5es relacionadas ao Alzheimer no c\u00e9rebro, em pesquisa in\u00e9dita publicada no peri\u00f3dico Science na quarta-feira (1). Em pessoas saud\u00e1veis, a tau \u00e9 importante para apoiar a estrutura interna das c\u00e9lulas cerebrais. Mas em indiv\u00edduos que t\u00eam Alzheimer, ocorrem altera\u00e7\u00f5es qu\u00edmicas que fazem com que a prote\u00edna &hellip; Continue lendo Estudo consegue rastrear extens\u00e3o de les\u00f5es ligadas ao Alzheimer no c\u00e9rebro &rarr;\" \/>\n<meta property=\"og:url\" content=\"https:\/\/neuroforma.com.br\/novo\/estudo-consegue-rastrear-extensao-de-lesoes-ligadas-ao-alzheimer-no-cerebro\/\" \/>\n<meta property=\"article:published_time\" content=\"2020-01-08T22:40:31+00:00\" \/>\n<meta property=\"article:modified_time\" content=\"2020-01-08T22:43:12+00:00\" \/>\n<meta property=\"og:image\" content=\"https:\/\/neuroforma.com.br\/novo\/wp-content\/uploads\/2020\/01\/neuro_ttt.png\" \/>\n\t<meta property=\"og:image:width\" content=\"622\" \/>\n\t<meta property=\"og:image:height\" content=\"346\" \/>\n\t<meta property=\"og:image:type\" content=\"image\/png\" \/>\n<meta name=\"author\" content=\"admin\" \/>\n<meta name=\"twitter:label1\" content=\"Escrito por\" \/>\n\t<meta name=\"twitter:data1\" content=\"admin\" \/>\n\t<meta name=\"twitter:label2\" content=\"Est. tempo de leitura\" \/>\n\t<meta name=\"twitter:data2\" content=\"2 minutos\" \/>\n<script type=\"application\/ld+json\" class=\"yoast-schema-graph\">{\"@context\":\"https:\/\/schema.org\",\"@graph\":[{\"@type\":\"Article\",\"@id\":\"https:\/\/neuroforma.com.br\/novo\/estudo-consegue-rastrear-extensao-de-lesoes-ligadas-ao-alzheimer-no-cerebro\/#article\",\"isPartOf\":{\"@id\":\"https:\/\/neuroforma.com.br\/novo\/estudo-consegue-rastrear-extensao-de-lesoes-ligadas-ao-alzheimer-no-cerebro\/\"},\"author\":{\"name\":\"admin\",\"@id\":\"https:\/\/neuroforma.com.br\/novo\/#\/schema\/person\/12d211761dd8050314f7756a31961c56\"},\"headline\":\"Estudo consegue rastrear extens\u00e3o de les\u00f5es ligadas ao Alzheimer no c\u00e9rebro\",\"datePublished\":\"2020-01-08T22:40:31+00:00\",\"dateModified\":\"2020-01-08T22:43:12+00:00\",\"mainEntityOfPage\":{\"@id\":\"https:\/\/neuroforma.com.br\/novo\/estudo-consegue-rastrear-extensao-de-lesoes-ligadas-ao-alzheimer-no-cerebro\/\"},\"wordCount\":503,\"image\":{\"@id\":\"https:\/\/neuroforma.com.br\/novo\/estudo-consegue-rastrear-extensao-de-lesoes-ligadas-ao-alzheimer-no-cerebro\/#primaryimage\"},\"thumbnailUrl\":\"https:\/\/neuroforma.com.br\/novo\/wp-content\/uploads\/2020\/01\/neuro_ttt.png\",\"articleSection\":[\"Uncategorized\"],\"inLanguage\":\"pt-BR\"},{\"@type\":\"WebPage\",\"@id\":\"https:\/\/neuroforma.com.br\/novo\/estudo-consegue-rastrear-extensao-de-lesoes-ligadas-ao-alzheimer-no-cerebro\/\",\"url\":\"https:\/\/neuroforma.com.br\/novo\/estudo-consegue-rastrear-extensao-de-lesoes-ligadas-ao-alzheimer-no-cerebro\/\",\"name\":\"Estudo consegue rastrear extens\u00e3o de les\u00f5es ligadas ao Alzheimer no c\u00e9rebro -\",\"isPartOf\":{\"@id\":\"https:\/\/neuroforma.com.br\/novo\/#website\"},\"primaryImageOfPage\":{\"@id\":\"https:\/\/neuroforma.com.br\/novo\/estudo-consegue-rastrear-extensao-de-lesoes-ligadas-ao-alzheimer-no-cerebro\/#primaryimage\"},\"image\":{\"@id\":\"https:\/\/neuroforma.com.br\/novo\/estudo-consegue-rastrear-extensao-de-lesoes-ligadas-ao-alzheimer-no-cerebro\/#primaryimage\"},\"thumbnailUrl\":\"https:\/\/neuroforma.com.br\/novo\/wp-content\/uploads\/2020\/01\/neuro_ttt.png\",\"datePublished\":\"2020-01-08T22:40:31+00:00\",\"dateModified\":\"2020-01-08T22:43:12+00:00\",\"author\":{\"@id\":\"https:\/\/neuroforma.com.br\/novo\/#\/schema\/person\/12d211761dd8050314f7756a31961c56\"},\"breadcrumb\":{\"@id\":\"https:\/\/neuroforma.com.br\/novo\/estudo-consegue-rastrear-extensao-de-lesoes-ligadas-ao-alzheimer-no-cerebro\/#breadcrumb\"},\"inLanguage\":\"pt-BR\",\"potentialAction\":[{\"@type\":\"ReadAction\",\"target\":[\"https:\/\/neuroforma.com.br\/novo\/estudo-consegue-rastrear-extensao-de-lesoes-ligadas-ao-alzheimer-no-cerebro\/\"]}]},{\"@type\":\"ImageObject\",\"inLanguage\":\"pt-BR\",\"@id\":\"https:\/\/neuroforma.com.br\/novo\/estudo-consegue-rastrear-extensao-de-lesoes-ligadas-ao-alzheimer-no-cerebro\/#primaryimage\",\"url\":\"https:\/\/neuroforma.com.br\/novo\/wp-content\/uploads\/2020\/01\/neuro_ttt.png\",\"contentUrl\":\"https:\/\/neuroforma.com.br\/novo\/wp-content\/uploads\/2020\/01\/neuro_ttt.png\",\"width\":622,\"height\":346},{\"@type\":\"BreadcrumbList\",\"@id\":\"https:\/\/neuroforma.com.br\/novo\/estudo-consegue-rastrear-extensao-de-lesoes-ligadas-ao-alzheimer-no-cerebro\/#breadcrumb\",\"itemListElement\":[{\"@type\":\"ListItem\",\"position\":1,\"name\":\"Home\",\"item\":\"https:\/\/neuroforma.com.br\/novo\/\"},{\"@type\":\"ListItem\",\"position\":2,\"name\":\"Estudo consegue rastrear extens\u00e3o de les\u00f5es ligadas ao Alzheimer no c\u00e9rebro\"}]},{\"@type\":\"WebSite\",\"@id\":\"https:\/\/neuroforma.com.br\/novo\/#website\",\"url\":\"https:\/\/neuroforma.com.br\/novo\/\",\"name\":\"\",\"description\":\"\",\"potentialAction\":[{\"@type\":\"SearchAction\",\"target\":{\"@type\":\"EntryPoint\",\"urlTemplate\":\"https:\/\/neuroforma.com.br\/novo\/?s={search_term_string}\"},\"query-input\":{\"@type\":\"PropertyValueSpecification\",\"valueRequired\":true,\"valueName\":\"search_term_string\"}}],\"inLanguage\":\"pt-BR\"},{\"@type\":\"Person\",\"@id\":\"https:\/\/neuroforma.com.br\/novo\/#\/schema\/person\/12d211761dd8050314f7756a31961c56\",\"name\":\"admin\",\"image\":{\"@type\":\"ImageObject\",\"inLanguage\":\"pt-BR\",\"@id\":\"https:\/\/neuroforma.com.br\/novo\/#\/schema\/person\/image\/\",\"url\":\"https:\/\/secure.gravatar.com\/avatar\/78c99431103c8eac07c3e394450e82f604cfb9126e1520128d5a7033920b57e5?s=96&d=mm&r=g\",\"contentUrl\":\"https:\/\/secure.gravatar.com\/avatar\/78c99431103c8eac07c3e394450e82f604cfb9126e1520128d5a7033920b57e5?s=96&d=mm&r=g\",\"caption\":\"admin\"},\"url\":\"https:\/\/neuroforma.com.br\/novo\/author\/admin\/\"}]}<\/script>\n<!-- \/ Yoast SEO plugin. -->","yoast_head_json":{"title":"Estudo consegue rastrear extens\u00e3o de les\u00f5es ligadas ao Alzheimer no c\u00e9rebro -","robots":{"index":"index","follow":"follow","max-snippet":"max-snippet:-1","max-image-preview":"max-image-preview:large","max-video-preview":"max-video-preview:-1"},"canonical":"https:\/\/neuroforma.com.br\/novo\/estudo-consegue-rastrear-extensao-de-lesoes-ligadas-ao-alzheimer-no-cerebro\/","og_locale":"pt_BR","og_type":"article","og_title":"Estudo consegue rastrear extens\u00e3o de les\u00f5es ligadas ao Alzheimer no c\u00e9rebro -","og_description":"Cientistas usam t\u00e9cnicas de imagem para rastrear extens\u00e3o de les\u00f5es relacionadas ao Alzheimer no c\u00e9rebro, em pesquisa in\u00e9dita publicada no peri\u00f3dico Science na quarta-feira (1). Em pessoas saud\u00e1veis, a tau \u00e9 importante para apoiar a estrutura interna das c\u00e9lulas cerebrais. Mas em indiv\u00edduos que t\u00eam Alzheimer, ocorrem altera\u00e7\u00f5es qu\u00edmicas que fazem com que a prote\u00edna &hellip; Continue lendo Estudo consegue rastrear extens\u00e3o de les\u00f5es ligadas ao Alzheimer no c\u00e9rebro &rarr;","og_url":"https:\/\/neuroforma.com.br\/novo\/estudo-consegue-rastrear-extensao-de-lesoes-ligadas-ao-alzheimer-no-cerebro\/","article_published_time":"2020-01-08T22:40:31+00:00","article_modified_time":"2020-01-08T22:43:12+00:00","og_image":[{"width":622,"height":346,"url":"https:\/\/neuroforma.com.br\/novo\/wp-content\/uploads\/2020\/01\/neuro_ttt.png","type":"image\/png"}],"author":"admin","twitter_misc":{"Escrito por":"admin","Est. tempo de leitura":"2 minutos"},"schema":{"@context":"https:\/\/schema.org","@graph":[{"@type":"Article","@id":"https:\/\/neuroforma.com.br\/novo\/estudo-consegue-rastrear-extensao-de-lesoes-ligadas-ao-alzheimer-no-cerebro\/#article","isPartOf":{"@id":"https:\/\/neuroforma.com.br\/novo\/estudo-consegue-rastrear-extensao-de-lesoes-ligadas-ao-alzheimer-no-cerebro\/"},"author":{"name":"admin","@id":"https:\/\/neuroforma.com.br\/novo\/#\/schema\/person\/12d211761dd8050314f7756a31961c56"},"headline":"Estudo consegue rastrear extens\u00e3o de les\u00f5es ligadas ao Alzheimer no c\u00e9rebro","datePublished":"2020-01-08T22:40:31+00:00","dateModified":"2020-01-08T22:43:12+00:00","mainEntityOfPage":{"@id":"https:\/\/neuroforma.com.br\/novo\/estudo-consegue-rastrear-extensao-de-lesoes-ligadas-ao-alzheimer-no-cerebro\/"},"wordCount":503,"image":{"@id":"https:\/\/neuroforma.com.br\/novo\/estudo-consegue-rastrear-extensao-de-lesoes-ligadas-ao-alzheimer-no-cerebro\/#primaryimage"},"thumbnailUrl":"https:\/\/neuroforma.com.br\/novo\/wp-content\/uploads\/2020\/01\/neuro_ttt.png","articleSection":["Uncategorized"],"inLanguage":"pt-BR"},{"@type":"WebPage","@id":"https:\/\/neuroforma.com.br\/novo\/estudo-consegue-rastrear-extensao-de-lesoes-ligadas-ao-alzheimer-no-cerebro\/","url":"https:\/\/neuroforma.com.br\/novo\/estudo-consegue-rastrear-extensao-de-lesoes-ligadas-ao-alzheimer-no-cerebro\/","name":"Estudo consegue rastrear extens\u00e3o de les\u00f5es ligadas ao Alzheimer no c\u00e9rebro -","isPartOf":{"@id":"https:\/\/neuroforma.com.br\/novo\/#website"},"primaryImageOfPage":{"@id":"https:\/\/neuroforma.com.br\/novo\/estudo-consegue-rastrear-extensao-de-lesoes-ligadas-ao-alzheimer-no-cerebro\/#primaryimage"},"image":{"@id":"https:\/\/neuroforma.com.br\/novo\/estudo-consegue-rastrear-extensao-de-lesoes-ligadas-ao-alzheimer-no-cerebro\/#primaryimage"},"thumbnailUrl":"https:\/\/neuroforma.com.br\/novo\/wp-content\/uploads\/2020\/01\/neuro_ttt.png","datePublished":"2020-01-08T22:40:31+00:00","dateModified":"2020-01-08T22:43:12+00:00","author":{"@id":"https:\/\/neuroforma.com.br\/novo\/#\/schema\/person\/12d211761dd8050314f7756a31961c56"},"breadcrumb":{"@id":"https:\/\/neuroforma.com.br\/novo\/estudo-consegue-rastrear-extensao-de-lesoes-ligadas-ao-alzheimer-no-cerebro\/#breadcrumb"},"inLanguage":"pt-BR","potentialAction":[{"@type":"ReadAction","target":["https:\/\/neuroforma.com.br\/novo\/estudo-consegue-rastrear-extensao-de-lesoes-ligadas-ao-alzheimer-no-cerebro\/"]}]},{"@type":"ImageObject","inLanguage":"pt-BR","@id":"https:\/\/neuroforma.com.br\/novo\/estudo-consegue-rastrear-extensao-de-lesoes-ligadas-ao-alzheimer-no-cerebro\/#primaryimage","url":"https:\/\/neuroforma.com.br\/novo\/wp-content\/uploads\/2020\/01\/neuro_ttt.png","contentUrl":"https:\/\/neuroforma.com.br\/novo\/wp-content\/uploads\/2020\/01\/neuro_ttt.png","width":622,"height":346},{"@type":"BreadcrumbList","@id":"https:\/\/neuroforma.com.br\/novo\/estudo-consegue-rastrear-extensao-de-lesoes-ligadas-ao-alzheimer-no-cerebro\/#breadcrumb","itemListElement":[{"@type":"ListItem","position":1,"name":"Home","item":"https:\/\/neuroforma.com.br\/novo\/"},{"@type":"ListItem","position":2,"name":"Estudo consegue rastrear extens\u00e3o de les\u00f5es ligadas ao Alzheimer no c\u00e9rebro"}]},{"@type":"WebSite","@id":"https:\/\/neuroforma.com.br\/novo\/#website","url":"https:\/\/neuroforma.com.br\/novo\/","name":"","description":"","potentialAction":[{"@type":"SearchAction","target":{"@type":"EntryPoint","urlTemplate":"https:\/\/neuroforma.com.br\/novo\/?s={search_term_string}"},"query-input":{"@type":"PropertyValueSpecification","valueRequired":true,"valueName":"search_term_string"}}],"inLanguage":"pt-BR"},{"@type":"Person","@id":"https:\/\/neuroforma.com.br\/novo\/#\/schema\/person\/12d211761dd8050314f7756a31961c56","name":"admin","image":{"@type":"ImageObject","inLanguage":"pt-BR","@id":"https:\/\/neuroforma.com.br\/novo\/#\/schema\/person\/image\/","url":"https:\/\/secure.gravatar.com\/avatar\/78c99431103c8eac07c3e394450e82f604cfb9126e1520128d5a7033920b57e5?s=96&d=mm&r=g","contentUrl":"https:\/\/secure.gravatar.com\/avatar\/78c99431103c8eac07c3e394450e82f604cfb9126e1520128d5a7033920b57e5?s=96&d=mm&r=g","caption":"admin"},"url":"https:\/\/neuroforma.com.br\/novo\/author\/admin\/"}]}},"_links":{"self":[{"href":"https:\/\/neuroforma.com.br\/novo\/wp-json\/wp\/v2\/posts\/5303","targetHints":{"allow":["GET"]}}],"collection":[{"href":"https:\/\/neuroforma.com.br\/novo\/wp-json\/wp\/v2\/posts"}],"about":[{"href":"https:\/\/neuroforma.com.br\/novo\/wp-json\/wp\/v2\/types\/post"}],"author":[{"embeddable":true,"href":"https:\/\/neuroforma.com.br\/novo\/wp-json\/wp\/v2\/users\/1"}],"replies":[{"embeddable":true,"href":"https:\/\/neuroforma.com.br\/novo\/wp-json\/wp\/v2\/comments?post=5303"}],"version-history":[{"count":3,"href":"https:\/\/neuroforma.com.br\/novo\/wp-json\/wp\/v2\/posts\/5303\/revisions"}],"predecessor-version":[{"id":5308,"href":"https:\/\/neuroforma.com.br\/novo\/wp-json\/wp\/v2\/posts\/5303\/revisions\/5308"}],"wp:featuredmedia":[{"embeddable":true,"href":"https:\/\/neuroforma.com.br\/novo\/wp-json\/wp\/v2\/media\/5307"}],"wp:attachment":[{"href":"https:\/\/neuroforma.com.br\/novo\/wp-json\/wp\/v2\/media?parent=5303"}],"wp:term":[{"taxonomy":"category","embeddable":true,"href":"https:\/\/neuroforma.com.br\/novo\/wp-json\/wp\/v2\/categories?post=5303"},{"taxonomy":"post_tag","embeddable":true,"href":"https:\/\/neuroforma.com.br\/novo\/wp-json\/wp\/v2\/tags?post=5303"}],"curies":[{"name":"wp","href":"https:\/\/api.w.org\/{rel}","templated":true}]}}