{"id":5296,"date":"2020-01-02T16:58:35","date_gmt":"2020-01-02T16:58:35","guid":{"rendered":"https:\/\/neuroforma.com.br\/novo\/?p=5296"},"modified":"2020-01-02T16:59:30","modified_gmt":"2020-01-02T16:59:30","slug":"memorias-sao-armazenadas-de-formas-distintas-em-jovens-e-idosos-diz-pesquisa","status":"publish","type":"post","link":"https:\/\/neuroforma.com.br\/novo\/memorias-sao-armazenadas-de-formas-distintas-em-jovens-e-idosos-diz-pesquisa\/","title":{"rendered":"Mem\u00f3rias s\u00e3o armazenadas de formas distintas em jovens e idosos, diz pesquisa"},"content":{"rendered":"<p><img loading=\"lazy\" decoding=\"async\" src=\"https:\/\/neuroforma.com.br\/novo\/wp-content\/uploads\/2020\/01\/x79229143_soc-ilustracao-de-cerebro-com-tijolos.jpg.pagespeed.ic_.Dofn5FQmiZ.jpg\" alt=\"x79229143_soc-ilustracao-de-cerebro-com-tijolos-jpg-pagespeed-ic-dofn5fqmiz\" width=\"640\" height=\"360\" class=\"alignleft size-full wp-image-5297\" srcset=\"https:\/\/neuroforma.com.br\/novo\/wp-content\/uploads\/2020\/01\/x79229143_soc-ilustracao-de-cerebro-com-tijolos.jpg.pagespeed.ic_.Dofn5FQmiZ.jpg 640w, https:\/\/neuroforma.com.br\/novo\/wp-content\/uploads\/2020\/01\/x79229143_soc-ilustracao-de-cerebro-com-tijolos.jpg.pagespeed.ic_.Dofn5FQmiZ-300x169.jpg 300w\" sizes=\"auto, (max-width: 640px) 100vw, 640px\" \/><\/p>\n<p>Pesquisadores do King\u2019s College London (Col\u00e9gio do Rei de Londres, em tradu\u00e7\u00e3o literal) descobriram que as mem\u00f3rias s\u00e3o armazenadas de formas diferentes no c\u00e9rebro na juventude e na velhice. Essas diferen\u00e7as, no n\u00edvel celular, significavam que era muito mais dif\u00edcil modificar as lembran\u00e7as feitas na velhice.<\/p>\n<p>As recorda\u00e7\u00f5es s\u00e3o armazenadas no c\u00e9rebro, fortalecendo as conex\u00f5es entre sinapses num processo chamado potencia\u00e7\u00e3o de longo prazo. A maioria das pesquisas sobre o assunto se concentrou no hipocampo, devido ao seu papel cr\u00edtico na forma\u00e7\u00e3o de novas mem\u00f3rias. Pesquisas anteriores mostraram que a forma\u00e7\u00e3o da mem\u00f3ria do hipocampo diminui com a idade. Al\u00e9m disso, a recupera\u00e7\u00e3o de mem\u00f3ria pode alterar essas conex\u00f5es e permitir que as lembran\u00e7as sejam adaptadas para novas situa\u00e7\u00f5es.<\/p>\n<p>Os pesquisadores treinaram ratos adultos jovens (3-4 meses) e idosos (18-22 meses) em uma tarefa de mem\u00f3ria do medo, descobrindo que a idade n\u00e3o afetou a capacidade geral de criar novas mem\u00f3rias. No entanto, ao analisar as sinapses antes e depois da tarefa, descobriram que novas mem\u00f3rias foram estabelecidas atrav\u00e9s de um mecanismo completamente diferente em animais mais velhos em compara\u00e7\u00e3o com os mais jovens.<\/p>\n<p>\u2014 At\u00e9 agora, pensava-se que as pessoas mais velhas deveriam ser capazes de formar recorda\u00e7\u00f5es da mesma maneira que as pessoas mais jovens, portanto, superar problemas de mem\u00f3ria envolveria simplesmente restaurar essa capacidade \u2014 disse Karl Peter Giese, do Instituto de Psiquiatria, Psicologia e Neuroci\u00eancia da King\u2019s.<\/p>\n<p><img loading=\"lazy\" decoding=\"async\" src=\"https:\/\/neuroforma.com.br\/novo\/wp-content\/uploads\/2020\/01\/xarte.jpg.pagespeed.ic_._84gxz355_.jpg\" alt=\"xarte-jpg-pagespeed-ic-_84gxz355_\" width=\"448\" height=\"777\" class=\"alignleft size-full wp-image-5298\" srcset=\"https:\/\/neuroforma.com.br\/novo\/wp-content\/uploads\/2020\/01\/xarte.jpg.pagespeed.ic_._84gxz355_.jpg 448w, https:\/\/neuroforma.com.br\/novo\/wp-content\/uploads\/2020\/01\/xarte.jpg.pagespeed.ic_._84gxz355_-173x300.jpg 173w\" sizes=\"auto, (max-width: 448px) 100vw, 448px\" \/><\/p>\n<p>Os resultados podem ter implica\u00e7\u00f5es para condi\u00e7\u00f5es em que a recupera\u00e7\u00e3o da mem\u00f3ria \u00e9 um problema, como o transtorno de estresse p\u00f3s-traum\u00e1tico.<\/p>\n<p>\u2014 Epis\u00f3dios como esses afetam demais a mem\u00f3ria. Saber como elas s\u00e3o armazenadas em pessoas idosas facilitam todo o tratamento \u2014 pontua Janice Valentim, psic\u00f3loga do Espa\u00e7o Stella Torre\u00e3o.<\/p>\n<p>Uma das alternativas para evitar grandes perdas de mem\u00f3ria ap\u00f3s situa\u00e7\u00f5es estressantes \u00e9 manter o c\u00e9rebro sempre ativo.<\/p>\n<p>\u2014 Fazer atividades fora do cotidiano movimenta o nosso c\u00e9rebro e evita atrofias \u2014 comenta o neurologista Andr\u00e9 Lima, diretor da Cl\u00ednica Neurovida.<\/p>\n<p><em>Fonte: Extra<\/em><\/p>\n","protected":false},"excerpt":{"rendered":"<p>Pesquisadores do King\u2019s College London (Col\u00e9gio do Rei de Londres, em tradu\u00e7\u00e3o literal) descobriram que as mem\u00f3rias s\u00e3o armazenadas de formas diferentes no c\u00e9rebro na juventude e na velhice. Essas diferen\u00e7as, no n\u00edvel celular, significavam que era muito mais dif\u00edcil modificar as lembran\u00e7as feitas na velhice. As recorda\u00e7\u00f5es s\u00e3o armazenadas no c\u00e9rebro, fortalecendo as conex\u00f5es &hellip; <a href=\"https:\/\/neuroforma.com.br\/novo\/memorias-sao-armazenadas-de-formas-distintas-em-jovens-e-idosos-diz-pesquisa\/\" class=\"more-link\">Continue lendo <span class=\"screen-reader-text\">Mem\u00f3rias s\u00e3o armazenadas de formas distintas em jovens e idosos, diz pesquisa<\/span> <span class=\"meta-nav\">&rarr;<\/span><\/a><\/p>\n","protected":false},"author":1,"featured_media":5297,"comment_status":"closed","ping_status":"closed","sticky":false,"template":"","format":"standard","meta":{"footnotes":""},"categories":[1],"tags":[],"class_list":["post-5296","post","type-post","status-publish","format-standard","has-post-thumbnail","hentry","category-uncategorized","repupress_customize_woocommerce_productom_class"],"yoast_head":"<!-- This site is optimized with the Yoast SEO plugin v26.9 - https:\/\/yoast.com\/product\/yoast-seo-wordpress\/ -->\n<title>Mem\u00f3rias s\u00e3o armazenadas de formas distintas em jovens e idosos, diz pesquisa -<\/title>\n<meta name=\"robots\" content=\"index, follow, max-snippet:-1, max-image-preview:large, max-video-preview:-1\" \/>\n<link rel=\"canonical\" href=\"https:\/\/neuroforma.com.br\/novo\/memorias-sao-armazenadas-de-formas-distintas-em-jovens-e-idosos-diz-pesquisa\/\" \/>\n<meta property=\"og:locale\" content=\"pt_BR\" \/>\n<meta property=\"og:type\" content=\"article\" \/>\n<meta property=\"og:title\" content=\"Mem\u00f3rias s\u00e3o armazenadas de formas distintas em jovens e idosos, diz pesquisa -\" \/>\n<meta property=\"og:description\" content=\"Pesquisadores do King\u2019s College London (Col\u00e9gio do Rei de Londres, em tradu\u00e7\u00e3o literal) descobriram que as mem\u00f3rias s\u00e3o armazenadas de formas diferentes no c\u00e9rebro na juventude e na velhice. Essas diferen\u00e7as, no n\u00edvel celular, significavam que era muito mais dif\u00edcil modificar as lembran\u00e7as feitas na velhice. As recorda\u00e7\u00f5es s\u00e3o armazenadas no c\u00e9rebro, fortalecendo as conex\u00f5es &hellip; Continue lendo Mem\u00f3rias s\u00e3o armazenadas de formas distintas em jovens e idosos, diz pesquisa &rarr;\" \/>\n<meta property=\"og:url\" content=\"https:\/\/neuroforma.com.br\/novo\/memorias-sao-armazenadas-de-formas-distintas-em-jovens-e-idosos-diz-pesquisa\/\" \/>\n<meta property=\"article:published_time\" content=\"2020-01-02T16:58:35+00:00\" \/>\n<meta property=\"article:modified_time\" content=\"2020-01-02T16:59:30+00:00\" \/>\n<meta property=\"og:image\" content=\"https:\/\/neuroforma.com.br\/novo\/wp-content\/uploads\/2020\/01\/x79229143_soc-ilustracao-de-cerebro-com-tijolos.jpg.pagespeed.ic_.Dofn5FQmiZ.jpg\" \/>\n\t<meta property=\"og:image:width\" content=\"640\" \/>\n\t<meta property=\"og:image:height\" content=\"360\" \/>\n\t<meta property=\"og:image:type\" content=\"image\/jpeg\" \/>\n<meta name=\"author\" content=\"admin\" \/>\n<meta name=\"twitter:label1\" content=\"Escrito por\" \/>\n\t<meta name=\"twitter:data1\" content=\"admin\" \/>\n\t<meta name=\"twitter:label2\" content=\"Est. tempo de leitura\" \/>\n\t<meta name=\"twitter:data2\" content=\"2 minutos\" \/>\n<script type=\"application\/ld+json\" class=\"yoast-schema-graph\">{\"@context\":\"https:\/\/schema.org\",\"@graph\":[{\"@type\":\"Article\",\"@id\":\"https:\/\/neuroforma.com.br\/novo\/memorias-sao-armazenadas-de-formas-distintas-em-jovens-e-idosos-diz-pesquisa\/#article\",\"isPartOf\":{\"@id\":\"https:\/\/neuroforma.com.br\/novo\/memorias-sao-armazenadas-de-formas-distintas-em-jovens-e-idosos-diz-pesquisa\/\"},\"author\":{\"name\":\"admin\",\"@id\":\"https:\/\/neuroforma.com.br\/novo\/#\/schema\/person\/12d211761dd8050314f7756a31961c56\"},\"headline\":\"Mem\u00f3rias s\u00e3o armazenadas de formas distintas em jovens e idosos, diz pesquisa\",\"datePublished\":\"2020-01-02T16:58:35+00:00\",\"dateModified\":\"2020-01-02T16:59:30+00:00\",\"mainEntityOfPage\":{\"@id\":\"https:\/\/neuroforma.com.br\/novo\/memorias-sao-armazenadas-de-formas-distintas-em-jovens-e-idosos-diz-pesquisa\/\"},\"wordCount\":385,\"image\":{\"@id\":\"https:\/\/neuroforma.com.br\/novo\/memorias-sao-armazenadas-de-formas-distintas-em-jovens-e-idosos-diz-pesquisa\/#primaryimage\"},\"thumbnailUrl\":\"https:\/\/neuroforma.com.br\/novo\/wp-content\/uploads\/2020\/01\/x79229143_soc-ilustracao-de-cerebro-com-tijolos.jpg.pagespeed.ic_.Dofn5FQmiZ.jpg\",\"articleSection\":[\"Uncategorized\"],\"inLanguage\":\"pt-BR\"},{\"@type\":\"WebPage\",\"@id\":\"https:\/\/neuroforma.com.br\/novo\/memorias-sao-armazenadas-de-formas-distintas-em-jovens-e-idosos-diz-pesquisa\/\",\"url\":\"https:\/\/neuroforma.com.br\/novo\/memorias-sao-armazenadas-de-formas-distintas-em-jovens-e-idosos-diz-pesquisa\/\",\"name\":\"Mem\u00f3rias s\u00e3o armazenadas de formas distintas em jovens e idosos, diz pesquisa -\",\"isPartOf\":{\"@id\":\"https:\/\/neuroforma.com.br\/novo\/#website\"},\"primaryImageOfPage\":{\"@id\":\"https:\/\/neuroforma.com.br\/novo\/memorias-sao-armazenadas-de-formas-distintas-em-jovens-e-idosos-diz-pesquisa\/#primaryimage\"},\"image\":{\"@id\":\"https:\/\/neuroforma.com.br\/novo\/memorias-sao-armazenadas-de-formas-distintas-em-jovens-e-idosos-diz-pesquisa\/#primaryimage\"},\"thumbnailUrl\":\"https:\/\/neuroforma.com.br\/novo\/wp-content\/uploads\/2020\/01\/x79229143_soc-ilustracao-de-cerebro-com-tijolos.jpg.pagespeed.ic_.Dofn5FQmiZ.jpg\",\"datePublished\":\"2020-01-02T16:58:35+00:00\",\"dateModified\":\"2020-01-02T16:59:30+00:00\",\"author\":{\"@id\":\"https:\/\/neuroforma.com.br\/novo\/#\/schema\/person\/12d211761dd8050314f7756a31961c56\"},\"breadcrumb\":{\"@id\":\"https:\/\/neuroforma.com.br\/novo\/memorias-sao-armazenadas-de-formas-distintas-em-jovens-e-idosos-diz-pesquisa\/#breadcrumb\"},\"inLanguage\":\"pt-BR\",\"potentialAction\":[{\"@type\":\"ReadAction\",\"target\":[\"https:\/\/neuroforma.com.br\/novo\/memorias-sao-armazenadas-de-formas-distintas-em-jovens-e-idosos-diz-pesquisa\/\"]}]},{\"@type\":\"ImageObject\",\"inLanguage\":\"pt-BR\",\"@id\":\"https:\/\/neuroforma.com.br\/novo\/memorias-sao-armazenadas-de-formas-distintas-em-jovens-e-idosos-diz-pesquisa\/#primaryimage\",\"url\":\"https:\/\/neuroforma.com.br\/novo\/wp-content\/uploads\/2020\/01\/x79229143_soc-ilustracao-de-cerebro-com-tijolos.jpg.pagespeed.ic_.Dofn5FQmiZ.jpg\",\"contentUrl\":\"https:\/\/neuroforma.com.br\/novo\/wp-content\/uploads\/2020\/01\/x79229143_soc-ilustracao-de-cerebro-com-tijolos.jpg.pagespeed.ic_.Dofn5FQmiZ.jpg\",\"width\":640,\"height\":360},{\"@type\":\"BreadcrumbList\",\"@id\":\"https:\/\/neuroforma.com.br\/novo\/memorias-sao-armazenadas-de-formas-distintas-em-jovens-e-idosos-diz-pesquisa\/#breadcrumb\",\"itemListElement\":[{\"@type\":\"ListItem\",\"position\":1,\"name\":\"Home\",\"item\":\"https:\/\/neuroforma.com.br\/novo\/\"},{\"@type\":\"ListItem\",\"position\":2,\"name\":\"Mem\u00f3rias s\u00e3o armazenadas de formas distintas em jovens e idosos, diz pesquisa\"}]},{\"@type\":\"WebSite\",\"@id\":\"https:\/\/neuroforma.com.br\/novo\/#website\",\"url\":\"https:\/\/neuroforma.com.br\/novo\/\",\"name\":\"\",\"description\":\"\",\"potentialAction\":[{\"@type\":\"SearchAction\",\"target\":{\"@type\":\"EntryPoint\",\"urlTemplate\":\"https:\/\/neuroforma.com.br\/novo\/?s={search_term_string}\"},\"query-input\":{\"@type\":\"PropertyValueSpecification\",\"valueRequired\":true,\"valueName\":\"search_term_string\"}}],\"inLanguage\":\"pt-BR\"},{\"@type\":\"Person\",\"@id\":\"https:\/\/neuroforma.com.br\/novo\/#\/schema\/person\/12d211761dd8050314f7756a31961c56\",\"name\":\"admin\",\"image\":{\"@type\":\"ImageObject\",\"inLanguage\":\"pt-BR\",\"@id\":\"https:\/\/neuroforma.com.br\/novo\/#\/schema\/person\/image\/\",\"url\":\"https:\/\/secure.gravatar.com\/avatar\/78c99431103c8eac07c3e394450e82f604cfb9126e1520128d5a7033920b57e5?s=96&d=mm&r=g\",\"contentUrl\":\"https:\/\/secure.gravatar.com\/avatar\/78c99431103c8eac07c3e394450e82f604cfb9126e1520128d5a7033920b57e5?s=96&d=mm&r=g\",\"caption\":\"admin\"},\"url\":\"https:\/\/neuroforma.com.br\/novo\/author\/admin\/\"}]}<\/script>\n<!-- \/ Yoast SEO plugin. -->","yoast_head_json":{"title":"Mem\u00f3rias s\u00e3o armazenadas de formas distintas em jovens e idosos, diz pesquisa -","robots":{"index":"index","follow":"follow","max-snippet":"max-snippet:-1","max-image-preview":"max-image-preview:large","max-video-preview":"max-video-preview:-1"},"canonical":"https:\/\/neuroforma.com.br\/novo\/memorias-sao-armazenadas-de-formas-distintas-em-jovens-e-idosos-diz-pesquisa\/","og_locale":"pt_BR","og_type":"article","og_title":"Mem\u00f3rias s\u00e3o armazenadas de formas distintas em jovens e idosos, diz pesquisa -","og_description":"Pesquisadores do King\u2019s College London (Col\u00e9gio do Rei de Londres, em tradu\u00e7\u00e3o literal) descobriram que as mem\u00f3rias s\u00e3o armazenadas de formas diferentes no c\u00e9rebro na juventude e na velhice. Essas diferen\u00e7as, no n\u00edvel celular, significavam que era muito mais dif\u00edcil modificar as lembran\u00e7as feitas na velhice. As recorda\u00e7\u00f5es s\u00e3o armazenadas no c\u00e9rebro, fortalecendo as conex\u00f5es &hellip; Continue lendo Mem\u00f3rias s\u00e3o armazenadas de formas distintas em jovens e idosos, diz pesquisa &rarr;","og_url":"https:\/\/neuroforma.com.br\/novo\/memorias-sao-armazenadas-de-formas-distintas-em-jovens-e-idosos-diz-pesquisa\/","article_published_time":"2020-01-02T16:58:35+00:00","article_modified_time":"2020-01-02T16:59:30+00:00","og_image":[{"width":640,"height":360,"url":"https:\/\/neuroforma.com.br\/novo\/wp-content\/uploads\/2020\/01\/x79229143_soc-ilustracao-de-cerebro-com-tijolos.jpg.pagespeed.ic_.Dofn5FQmiZ.jpg","type":"image\/jpeg"}],"author":"admin","twitter_misc":{"Escrito por":"admin","Est. tempo de leitura":"2 minutos"},"schema":{"@context":"https:\/\/schema.org","@graph":[{"@type":"Article","@id":"https:\/\/neuroforma.com.br\/novo\/memorias-sao-armazenadas-de-formas-distintas-em-jovens-e-idosos-diz-pesquisa\/#article","isPartOf":{"@id":"https:\/\/neuroforma.com.br\/novo\/memorias-sao-armazenadas-de-formas-distintas-em-jovens-e-idosos-diz-pesquisa\/"},"author":{"name":"admin","@id":"https:\/\/neuroforma.com.br\/novo\/#\/schema\/person\/12d211761dd8050314f7756a31961c56"},"headline":"Mem\u00f3rias s\u00e3o armazenadas de formas distintas em jovens e idosos, diz pesquisa","datePublished":"2020-01-02T16:58:35+00:00","dateModified":"2020-01-02T16:59:30+00:00","mainEntityOfPage":{"@id":"https:\/\/neuroforma.com.br\/novo\/memorias-sao-armazenadas-de-formas-distintas-em-jovens-e-idosos-diz-pesquisa\/"},"wordCount":385,"image":{"@id":"https:\/\/neuroforma.com.br\/novo\/memorias-sao-armazenadas-de-formas-distintas-em-jovens-e-idosos-diz-pesquisa\/#primaryimage"},"thumbnailUrl":"https:\/\/neuroforma.com.br\/novo\/wp-content\/uploads\/2020\/01\/x79229143_soc-ilustracao-de-cerebro-com-tijolos.jpg.pagespeed.ic_.Dofn5FQmiZ.jpg","articleSection":["Uncategorized"],"inLanguage":"pt-BR"},{"@type":"WebPage","@id":"https:\/\/neuroforma.com.br\/novo\/memorias-sao-armazenadas-de-formas-distintas-em-jovens-e-idosos-diz-pesquisa\/","url":"https:\/\/neuroforma.com.br\/novo\/memorias-sao-armazenadas-de-formas-distintas-em-jovens-e-idosos-diz-pesquisa\/","name":"Mem\u00f3rias s\u00e3o armazenadas de formas distintas em jovens e idosos, diz pesquisa -","isPartOf":{"@id":"https:\/\/neuroforma.com.br\/novo\/#website"},"primaryImageOfPage":{"@id":"https:\/\/neuroforma.com.br\/novo\/memorias-sao-armazenadas-de-formas-distintas-em-jovens-e-idosos-diz-pesquisa\/#primaryimage"},"image":{"@id":"https:\/\/neuroforma.com.br\/novo\/memorias-sao-armazenadas-de-formas-distintas-em-jovens-e-idosos-diz-pesquisa\/#primaryimage"},"thumbnailUrl":"https:\/\/neuroforma.com.br\/novo\/wp-content\/uploads\/2020\/01\/x79229143_soc-ilustracao-de-cerebro-com-tijolos.jpg.pagespeed.ic_.Dofn5FQmiZ.jpg","datePublished":"2020-01-02T16:58:35+00:00","dateModified":"2020-01-02T16:59:30+00:00","author":{"@id":"https:\/\/neuroforma.com.br\/novo\/#\/schema\/person\/12d211761dd8050314f7756a31961c56"},"breadcrumb":{"@id":"https:\/\/neuroforma.com.br\/novo\/memorias-sao-armazenadas-de-formas-distintas-em-jovens-e-idosos-diz-pesquisa\/#breadcrumb"},"inLanguage":"pt-BR","potentialAction":[{"@type":"ReadAction","target":["https:\/\/neuroforma.com.br\/novo\/memorias-sao-armazenadas-de-formas-distintas-em-jovens-e-idosos-diz-pesquisa\/"]}]},{"@type":"ImageObject","inLanguage":"pt-BR","@id":"https:\/\/neuroforma.com.br\/novo\/memorias-sao-armazenadas-de-formas-distintas-em-jovens-e-idosos-diz-pesquisa\/#primaryimage","url":"https:\/\/neuroforma.com.br\/novo\/wp-content\/uploads\/2020\/01\/x79229143_soc-ilustracao-de-cerebro-com-tijolos.jpg.pagespeed.ic_.Dofn5FQmiZ.jpg","contentUrl":"https:\/\/neuroforma.com.br\/novo\/wp-content\/uploads\/2020\/01\/x79229143_soc-ilustracao-de-cerebro-com-tijolos.jpg.pagespeed.ic_.Dofn5FQmiZ.jpg","width":640,"height":360},{"@type":"BreadcrumbList","@id":"https:\/\/neuroforma.com.br\/novo\/memorias-sao-armazenadas-de-formas-distintas-em-jovens-e-idosos-diz-pesquisa\/#breadcrumb","itemListElement":[{"@type":"ListItem","position":1,"name":"Home","item":"https:\/\/neuroforma.com.br\/novo\/"},{"@type":"ListItem","position":2,"name":"Mem\u00f3rias s\u00e3o armazenadas de formas distintas em jovens e idosos, diz pesquisa"}]},{"@type":"WebSite","@id":"https:\/\/neuroforma.com.br\/novo\/#website","url":"https:\/\/neuroforma.com.br\/novo\/","name":"","description":"","potentialAction":[{"@type":"SearchAction","target":{"@type":"EntryPoint","urlTemplate":"https:\/\/neuroforma.com.br\/novo\/?s={search_term_string}"},"query-input":{"@type":"PropertyValueSpecification","valueRequired":true,"valueName":"search_term_string"}}],"inLanguage":"pt-BR"},{"@type":"Person","@id":"https:\/\/neuroforma.com.br\/novo\/#\/schema\/person\/12d211761dd8050314f7756a31961c56","name":"admin","image":{"@type":"ImageObject","inLanguage":"pt-BR","@id":"https:\/\/neuroforma.com.br\/novo\/#\/schema\/person\/image\/","url":"https:\/\/secure.gravatar.com\/avatar\/78c99431103c8eac07c3e394450e82f604cfb9126e1520128d5a7033920b57e5?s=96&d=mm&r=g","contentUrl":"https:\/\/secure.gravatar.com\/avatar\/78c99431103c8eac07c3e394450e82f604cfb9126e1520128d5a7033920b57e5?s=96&d=mm&r=g","caption":"admin"},"url":"https:\/\/neuroforma.com.br\/novo\/author\/admin\/"}]}},"_links":{"self":[{"href":"https:\/\/neuroforma.com.br\/novo\/wp-json\/wp\/v2\/posts\/5296","targetHints":{"allow":["GET"]}}],"collection":[{"href":"https:\/\/neuroforma.com.br\/novo\/wp-json\/wp\/v2\/posts"}],"about":[{"href":"https:\/\/neuroforma.com.br\/novo\/wp-json\/wp\/v2\/types\/post"}],"author":[{"embeddable":true,"href":"https:\/\/neuroforma.com.br\/novo\/wp-json\/wp\/v2\/users\/1"}],"replies":[{"embeddable":true,"href":"https:\/\/neuroforma.com.br\/novo\/wp-json\/wp\/v2\/comments?post=5296"}],"version-history":[{"count":2,"href":"https:\/\/neuroforma.com.br\/novo\/wp-json\/wp\/v2\/posts\/5296\/revisions"}],"predecessor-version":[{"id":5300,"href":"https:\/\/neuroforma.com.br\/novo\/wp-json\/wp\/v2\/posts\/5296\/revisions\/5300"}],"wp:featuredmedia":[{"embeddable":true,"href":"https:\/\/neuroforma.com.br\/novo\/wp-json\/wp\/v2\/media\/5297"}],"wp:attachment":[{"href":"https:\/\/neuroforma.com.br\/novo\/wp-json\/wp\/v2\/media?parent=5296"}],"wp:term":[{"taxonomy":"category","embeddable":true,"href":"https:\/\/neuroforma.com.br\/novo\/wp-json\/wp\/v2\/categories?post=5296"},{"taxonomy":"post_tag","embeddable":true,"href":"https:\/\/neuroforma.com.br\/novo\/wp-json\/wp\/v2\/tags?post=5296"}],"curies":[{"name":"wp","href":"https:\/\/api.w.org\/{rel}","templated":true}]}}