{"id":5280,"date":"2019-12-27T23:31:39","date_gmt":"2019-12-27T23:31:39","guid":{"rendered":"https:\/\/neuroforma.com.br\/novo\/?p=5280"},"modified":"2019-12-27T23:55:05","modified_gmt":"2019-12-27T23:55:05","slug":"conheca-os-tipos-de-demencia-e-seus-principais-sintomas","status":"publish","type":"post","link":"https:\/\/neuroforma.com.br\/novo\/conheca-os-tipos-de-demencia-e-seus-principais-sintomas\/","title":{"rendered":"Conhe\u00e7a os tipos de dem\u00eancia e seus principais sintomas"},"content":{"rendered":"<p><img loading=\"lazy\" decoding=\"async\" src=\"https:\/\/neuroforma.com.br\/novo\/wp-content\/uploads\/2019\/12\/imagem.png\" alt=\"imagem\" width=\"622\" height=\"346\" class=\"alignleft size-full wp-image-5281\" srcset=\"https:\/\/neuroforma.com.br\/novo\/wp-content\/uploads\/2019\/12\/imagem.png 622w, https:\/\/neuroforma.com.br\/novo\/wp-content\/uploads\/2019\/12\/imagem-300x167.png 300w\" sizes=\"auto, (max-width: 622px) 100vw, 622px\" \/><\/p>\n<p><strong><em><strong>H\u00e1 v\u00e1rias doen\u00e7as de progress\u00e3o lenta que podem afetar o c\u00e9rebro em fun\u00e7\u00e3o da perda maci\u00e7a de c\u00e9lulas cerebrais, como a doen\u00e7a de Alzheimer. Saiba mais!<\/strong><em><\/em><\/strong><\/p>\n<p>H\u00e1 uma tend\u00eancia a se associar dem\u00eancia aos idosos e encaramos a doen\u00e7a como parte do processo natural de envelhecimento. De fato, com frequ\u00eancia, ela \u00e9 incorretamente referida como \u201cdem\u00eancia senil\u201d, um reflexo da vis\u00e3o disseminada e equivocada de que o decl\u00ednio mental grave \u00e9 parte normal do envelhecimento. Por\u00e9m, h\u00e1 outros tipos de dem\u00eancia e suas particularidades.<\/p>\n<p>A dem\u00eancia n\u00e3o \u00e9 uma doen\u00e7a espec\u00edfica, mas um termo utilizado para descrever uma gama de sintomas que afetam o c\u00e9rebro, causando perda de mem\u00f3ria, confus\u00e3o e desvio de personalidade. Pode afetar pessoas de todas as idades, mas a faixa et\u00e1ria \u00e9 o fator de risco mais importante \u2013 cerca de uma em cada 50 pessoas entre os 65 e 70 anos apresenta alguma forma de dem\u00eancia, e a raz\u00e3o aumenta para uma em cada cinco pessoas ap\u00f3s os 80 anos. Os genes podem ter um papel importante tamb\u00e9m, particularmente no in\u00edcio precoce da doen\u00e7a de Alzheimer.<\/p>\n<p><strong><strong>O que pode causar dem\u00eancia?<\/strong><\/strong><br \/>\nDanos \u00e0s c\u00e9lulas nervosas no c\u00e9rebro, nas fibras conectoras ou uma quantidade reduzida de transmissores qu\u00edmicos no c\u00e9rebro.<\/p>\n<p>\u2022 O Alzheimer \u00e9 a mais comum das dem\u00eancias. Acredita-se que a causa de dano cerebral nesse caso seja o ac\u00famulo de prote\u00ednas anormais nos neur\u00f4nios, fazendo com que morram.<\/p>\n<p>\u2022 O derrame, conhecido como dem\u00eancia vascular, provoca cerca de 20% de todos os casos de dem\u00eancia. Ele ocorre se partes do c\u00e9rebro que realizam fun\u00e7\u00f5es intelectuais como fala e mem\u00f3ria forem afetadas. A dem\u00eancia p\u00f3s-derrame \u00e9 mais comum em idosos e ap\u00f3s um segundo epis\u00f3dio de derrame.<\/p>\n<p>\u2022 Outras causas incluem dem\u00eancia com corpos de Lewy, doen\u00e7a de Parkinson, dem\u00eancia frontotemporal e les\u00e3o na cabe\u00e7a.<\/p>\n<p>\u2022 Subst\u00e2ncias t\u00f3xicas, como o \u00e1lcool, exposi\u00e7\u00e3o prolongada a alguns produtos qu\u00edmicos ou metais pesados, ou desequil\u00edbrios qu\u00edmicos causados pela di\u00e1lise renal ou por<br \/>\ninsufici\u00eancia hep\u00e1tica podem provocar sintomas de dem\u00eancia.<\/p>\n<p>\u2022 Causas raras incluem tumores no c\u00e9rebro, doen\u00e7a de Huntington, encefalite e infec\u00e7\u00e3o por HIV.<\/p>\n<p>\u2022 Sintomas tamb\u00e9m podem ocorrer por problemas na tireoide e defici\u00eancias de vitaminas.<\/p>\n<p><strong>DOEN\u00c7A DE ALZHEIMER<\/strong><br \/>\n<img loading=\"lazy\" decoding=\"async\" src=\"https:\/\/neuroforma.com.br\/novo\/wp-content\/uploads\/2019\/12\/alzaimer.jpg\" alt=\"alzaimer\" width=\"800\" height=\"450\" class=\"alignleft size-full wp-image-5284\" srcset=\"https:\/\/neuroforma.com.br\/novo\/wp-content\/uploads\/2019\/12\/alzaimer.jpg 800w, https:\/\/neuroforma.com.br\/novo\/wp-content\/uploads\/2019\/12\/alzaimer-300x169.jpg 300w, https:\/\/neuroforma.com.br\/novo\/wp-content\/uploads\/2019\/12\/alzaimer-768x432.jpg 768w\" sizes=\"auto, (max-width: 800px) 100vw, 800px\" \/><\/p>\n<p>A doen\u00e7a de Alzheimer \u00e9 a causa mais comum de dem\u00eancia e afeta a mem\u00f3ria, o pensamento, a linguagem e o racioc\u00ednio. \u00c0 medida que as c\u00e9lulas s\u00e3o progressivamente destru\u00eddas, a doen\u00e7a se torna cada vez mais debilitante. O c\u00e9rebro de algu\u00e9m que sofre de Alzheimer \u00e9 caracterizado por uma atrofia bem marcada \u2013 ele parece ter \u201cmurchado\u201d dentro do cr\u00e2nio. Isso \u00e9 resultado de n\u00edveis reduzidos do neurotransmissor acetilcolina e do aparecimento de placas e emaranhados nos circuitos neurais, os quais se acredita que \u201cdesconectem\u201d as \u00e1reas respons\u00e1veis pelo armazenamento e o processamento de informa\u00e7\u00e3o. A doen\u00e7a de Alzheimer n\u00e3o tem cura, nem os sintomas podem ser revertidos, mas \u00e9 poss\u00edvel atenu\u00e1-los.<\/p>\n<p><strong><strong>Quais s\u00e3o os sintomas?<\/strong><\/strong><br \/>\nPerda de mem\u00f3ria, confus\u00e3o, desorienta\u00e7\u00e3o, dificuldade de completar atividades simples ou rotineiras, mudan\u00e7as de humor, isolamento social, diminui\u00e7\u00e3o do senso cr\u00edtico e dificuldade em tomar decis\u00f5es. Os sintomas posteriores incluem ansiedade ou raiva em resposta a mudan\u00e7as ou ao estresse, dificuldade para se vestir e comer, conversas repetitivas, incapacidade de achar a palavra correta, problemas com leitura e escrita, dificuldade em reconhecer pessoas, dist\u00farbios do sono, perambula\u00e7\u00e3o e ilus\u00f5es. O est\u00e1gio avan\u00e7ado ocasiona perda de peso, incontin\u00eancia e completa depend\u00eancia de um cuidador.<\/p>\n<p><strong><strong>Voc\u00ea corre risco?<\/strong><\/strong><br \/>\nAinda n\u00e3o se sabe exatamente o que causa a doen\u00e7a de Alzheimer, mas fatores gen\u00e9ticos, ambientais e estilo de vida est\u00e3o relacionados. Eis alguns poss\u00edveis fatores de risco.<\/p>\n<p>Pessoas acima de 65 anos apresentam maior risco, que aumenta a cada d\u00e9cada seguinte.<br \/>\nOs genes tamb\u00e9m t\u00eam um papel proeminente. Um gene espec\u00edfico, chamado apolipoprote\u00edna E4 (ApoE4), est\u00e1 fortemente associado ao Alzheimer \u2013 embora nem todo portador do gene v\u00e1 ter a doen\u00e7a e ela possa se desenvolver em pessoas que n\u00e3o s\u00e3o portadoras.<br \/>\nA doen\u00e7a afeta mais mulheres do que homens, mas possivelmente porque elas vivem mais. Os homens est\u00e3o mais propensos a ter a dem\u00eancia vascular, que provavelmente est\u00e1 relacionada ao maior n\u00edvel de fatores de risco cardiovasculares como doen\u00e7as card\u00edacas e hipertens\u00e3o arterial.<br \/>\nOutros poss\u00edveis fatores de risco incluem hipertens\u00e3o arterial prolongada, hist\u00f3rico de trauma na cabe\u00e7a e obesidade, embora n\u00e3o haja evid\u00eancias substanciais.<\/p>\n<p><strong><strong>Como \u00e9 diagnosticada?<\/strong><\/strong><br \/>\nA doen\u00e7a de Alzheimer (e outras formas de dem\u00eancia) \u00e9 dif\u00edcil de ser diagnosticada porque muitos dos sintomas podem ser associados a outras doen\u00e7as. Um exame minucioso pode envolver um teste neuropsicol\u00f3gico, exames de sangue, consultas a especialistas (como um psiquiatra, um neurologista ou um geriatra) e conversas com a fam\u00edlia. Alguns tipos de dem\u00eancia apresentam sinais neurol\u00f3gicos, padr\u00f5es de surgimento e taxas de progress\u00e3o diferentes das relacionadas ao Alzheimer, e o descarte delas auxilia na confirma\u00e7\u00e3o do diagn\u00f3stico. Al\u00e9m disso, os m\u00e9dicos normalmente v\u00e3o realizar exames como tomografia computadorizada (TC) ou imagens de resson\u00e2ncia magn\u00e9tica (IRM) do c\u00e9rebro. Al\u00e9m de descartar causas de decl\u00ednio cognitivo (como derrames, sangramento ou tumores cerebrais), a presen\u00e7a de encolhimento do hipocampo e dos lobos parietal e temporal \u00e9 sugestiva de doen\u00e7a de Alzheimer. Alguns tipos de PET scan (tomografia por emiss\u00e3o de p\u00f3sitrons) podem mostrar o metabolismo de glicose alterado nas mesmas regi\u00f5es do c\u00e9rebro e, tamb\u00e9m, dar suporte ao diagn\u00f3stico. Pesquisadores v\u00eam trabalhando para desenvolver ferramentas de diagn\u00f3stico mais eficazes, incluindo t\u00e9cnicas de imagem cerebral mais sofisticadas e um exame que mede os n\u00edveis de prote\u00ednas no l\u00edquido cerebrospinal que est\u00e3o associadas \u00e0 doen\u00e7a de Alzheimer.<\/p>\n<p><strong><strong>Qual \u00e9 o tratamento?<\/strong><\/strong><br \/>\nAlgumas dem\u00eancias s\u00e3o solucionadas quando se trata a causa \u2013 por exemplo, a retirada bem-sucedida de um co\u00e1gulo sangu\u00edneo ou de um tumor cerebral. No entanto, o dano ao c\u00e9rebro causado pelo Alzheimer n\u00e3o pode ser reparado. O tratamento, portanto, tem como objetivo desacelerar a progress\u00e3o e dar apoio ao paciente e \u00e0 sua fam\u00edlia. Embora n\u00e3o exista ainda uma cura para o Alzheimer, h\u00e1 uma vasta quantidade de novos conhecimentos sobre como aliviar os primeiros sintomas e, possivelmente, adiar o in\u00edcio da doen\u00e7a. Em est\u00e1gios moderados, o Alzheimer pode ser tratado com um grupo de f\u00e1rmacos chamado anticolin\u00e9rgicos, que aumenta a quantidade de acetilcolina \u2013 uma subst\u00e2ncia qu\u00edmica que ajuda a transmitir os sinais nervosos \u2013 no c\u00e9rebro. Essa medica\u00e7\u00e3o pode melhorar a mem\u00f3ria e a capacidade mental em algumas pessoas. O diagn\u00f3stico precoce \u00e9 fundamental para que o indiv\u00edduo aproveite o m\u00e1ximo dos tratamentos e tenha tempo para planejar o futuro.<\/p>\n<p><strong><strong>DEM\u00caNCIA VASCULAR<\/strong<\/strong><br \/>\n<img loading=\"lazy\" decoding=\"async\" src=\"https:\/\/neuroforma.com.br\/novo\/wp-content\/uploads\/2019\/12\/demencia.jpg\" alt=\"demencia\" width=\"800\" height=\"450\" class=\"alignleft size-full wp-image-5285\" srcset=\"https:\/\/neuroforma.com.br\/novo\/wp-content\/uploads\/2019\/12\/demencia.jpg 800w, https:\/\/neuroforma.com.br\/novo\/wp-content\/uploads\/2019\/12\/demencia-300x169.jpg 300w, https:\/\/neuroforma.com.br\/novo\/wp-content\/uploads\/2019\/12\/demencia-768x432.jpg 768w\" sizes=\"auto, (max-width: 800px) 100vw, 800px\" \/><\/p>\n<p>A dem\u00eancia vascular \u00e9 a segunda forma de dem\u00eancia mais comum nos idosos. O dano \u00e9 causado pelo estreitamento das art\u00e9rias (e pela falta de oxig\u00eanio) no c\u00e9rebro. Pode ser consequ\u00eancia de um grande derrame ou de miniderrames (ataques isqu\u00eamicos transit\u00f3rios) ou de danos cr\u00f4nicos a pequenos vasos sangu\u00edneos no c\u00e9rebro. O grupo de risco inclui fumantes, hipertensos, diab\u00e9ticos, card\u00edacos e pessoas com colesterol alto. A doen\u00e7a vascular tamb\u00e9m aumenta o risco de Alzheimer. Os problemas causados pela dem\u00eancia vascular dependem da parte do c\u00e9rebro afetada e da gravidade do dano ao vaso sangu\u00edneo. Os sintomas podem incluir diminui\u00e7\u00e3o da velocidade do pensamento, concentra\u00e7\u00e3o prec\u00e1ria e dificuldades em encontrar a palavra correta, solucionar problemas, planejar e organizar. Pode haver tamb\u00e9m sinais de confus\u00e3o e depress\u00e3o.<\/p>\n<p><strong><strong>Qual \u00e9 o tratamento?<\/strong><\/strong><br \/>\nEmbora n\u00e3o haja cura para a dem\u00eancia vascular, sua progress\u00e3o pode ser desacelerada ao:<\/p>\n<p>\u2022 praticar exerc\u00edcios regularmente e manter um peso saud\u00e1vel<br \/>\n\u2022 tratar problemas subjacentes como press\u00e3o alta ou diabetes<br \/>\n\u2022 reduzir a ingest\u00e3o de gorduras saturadas e alimentos com alto teor de colesterol LDL (mau)<br \/>\n\u2022 manter a sa\u00fade mental em dia.<\/p>\n<p><strong>DEM\u00caNCIA FRONTOTEMPORAL<\/strong><br \/>\n<img loading=\"lazy\" decoding=\"async\" src=\"https:\/\/neuroforma.com.br\/novo\/wp-content\/uploads\/2019\/12\/demencia_2.jpg\" alt=\"demencia_2\" width=\"800\" height=\"450\" class=\"alignleft size-full wp-image-5286\" srcset=\"https:\/\/neuroforma.com.br\/novo\/wp-content\/uploads\/2019\/12\/demencia_2.jpg 800w, https:\/\/neuroforma.com.br\/novo\/wp-content\/uploads\/2019\/12\/demencia_2-300x169.jpg 300w, https:\/\/neuroforma.com.br\/novo\/wp-content\/uploads\/2019\/12\/demencia_2-768x432.jpg 768w\" sizes=\"auto, (max-width: 800px) 100vw, 800px\" \/><\/p>\n<p>\u00c9 a segunda causa mais comum de dem\u00eancia em pessoas mais novas, principalmente na faixa dos 50 anos. Pode gerar grandes dificuldades na express\u00e3o da linguagem ou mudan\u00e7as significativas nas fun\u00e7\u00f5es cognitivas, na personalidade, na dieta e nos comportamentos social e sexual.<\/p>\n<p><strong>DEM\u00caNCIA COM CORPOS DE LEWY<\/strong><br \/>\n<img loading=\"lazy\" decoding=\"async\" src=\"https:\/\/neuroforma.com.br\/novo\/wp-content\/uploads\/2019\/12\/demencia_3.jpg\" alt=\"demencia_3\" width=\"800\" height=\"450\" class=\"alignleft size-full wp-image-5287\" srcset=\"https:\/\/neuroforma.com.br\/novo\/wp-content\/uploads\/2019\/12\/demencia_3.jpg 800w, https:\/\/neuroforma.com.br\/novo\/wp-content\/uploads\/2019\/12\/demencia_3-300x169.jpg 300w, https:\/\/neuroforma.com.br\/novo\/wp-content\/uploads\/2019\/12\/demencia_3-768x432.jpg 768w\" sizes=\"auto, (max-width: 800px) 100vw, 800px\" \/><\/p>\n<p>Esse tipo de dem\u00eancia apresenta muitas semelhan\u00e7as com a doen\u00e7a de Alzheimer. Os sintomas incluem grandes mudan\u00e7as na cogni\u00e7\u00e3o e nos movimentos. Alucina\u00e7\u00f5es visuais s\u00e3o comuns, e a progress\u00e3o \u00e9 razoavelmente r\u00e1pida.<\/p>\n<p><strong>COMPROMETIMENTO COGNITIVO LEVE<\/strong><br \/>\n<img loading=\"lazy\" decoding=\"async\" src=\"https:\/\/neuroforma.com.br\/novo\/wp-content\/uploads\/2019\/12\/cognitivo.jpg\" alt=\"cognitivo\" width=\"800\" height=\"450\" class=\"alignleft size-full wp-image-5288\" srcset=\"https:\/\/neuroforma.com.br\/novo\/wp-content\/uploads\/2019\/12\/cognitivo.jpg 800w, https:\/\/neuroforma.com.br\/novo\/wp-content\/uploads\/2019\/12\/cognitivo-300x169.jpg 300w, https:\/\/neuroforma.com.br\/novo\/wp-content\/uploads\/2019\/12\/cognitivo-768x432.jpg 768w\" sizes=\"auto, (max-width: 800px) 100vw, 800px\" \/><\/p>\n<p>O comprometimento cognitivo leve (CCL) \u00e9 mais do que simplesmente o esquecimento normal relacionado \u00e0 idade, mas menos complexo do que a dem\u00eancia em si. Acredita-se que uma em cada seis pessoas acima de 70 anos seja afetada, tendo problemas com a mem\u00f3ria, a linguagem ou outras fun\u00e7\u00f5es mentais, mas n\u00e3o em um grau que interfira na vida di\u00e1ria. Cerca de metade dos portadores de CCL desenvolve dem\u00eancia (normalmente Alzheimer) em cinco anos ap\u00f3s o diagn\u00f3stico. Trata-se de um per\u00edodo importante para implementar um estilo de vida saud\u00e1vel e outras estrat\u00e9gias que possam desacelerar o processo de decl\u00ednio cognitivo.<\/p>\n<p><strong>DOEN\u00c7A DE PARKINSON<\/strong><br \/>\n<img loading=\"lazy\" decoding=\"async\" src=\"https:\/\/neuroforma.com.br\/novo\/wp-content\/uploads\/2019\/12\/parkinson.jpg\" alt=\"parkinson\" width=\"800\" height=\"450\" class=\"alignleft size-full wp-image-5289\" srcset=\"https:\/\/neuroforma.com.br\/novo\/wp-content\/uploads\/2019\/12\/parkinson.jpg 800w, https:\/\/neuroforma.com.br\/novo\/wp-content\/uploads\/2019\/12\/parkinson-300x169.jpg 300w, https:\/\/neuroforma.com.br\/novo\/wp-content\/uploads\/2019\/12\/parkinson-768x432.jpg 768w\" sizes=\"auto, (max-width: 800px) 100vw, 800px\" \/><\/p>\n<p>A doen\u00e7a de Parkinson, um dist\u00farbio neurol\u00f3gico, \u00e9 causada pela diminui\u00e7\u00e3o na produ\u00e7\u00e3o de dopamina no c\u00e9rebro. Ela se desenvolve quando as c\u00e9lulas cerebrais em parte do tronco encef\u00e1lico morrem. Isso provoca um desequil\u00edbrio entre duas subst\u00e2ncias qu\u00edmicas vitais, a acetilcolina e a dopamina, que s\u00e3o respons\u00e1veis por enviar mensagens \u00e0 parte do c\u00e9rebro que coordena os movimentos. Os n\u00edveis de dopamina caem, o que produz os penosos sintomas de tremor e rigidez muscular.<\/p>\n<p><strong><strong>Quais s\u00e3o os sintomas?<\/strong><\/strong><br \/>\nOs sintomas s\u00e3o leves nos est\u00e1gios iniciais e, em geral, atribu\u00eddos ao envelhecimento. Quando finalmente o diagn\u00f3stico chega, o paciente j\u00e1 pode ter perdido mais da metade das c\u00e9lulas que produzem dopamina, o que acentua os sinais. Alguns dos sintomas s\u00e3o:<\/p>\n<p>\u2022 tremores nas m\u00e3os, bra\u00e7os, pernas, cabe\u00e7a ou voz, em especial quando sob estresse<\/p>\n<p>\u2022 rigidez muscular nos bra\u00e7os e pernas e desacelera\u00e7\u00e3o dos movimentos<\/p>\n<p>\u2022 perda de coordena\u00e7\u00e3o motora e equil\u00edbrio<\/p>\n<p>\u2022 dar passos curtos e vacilantes<\/p>\n<p>\u2022 pensamento mais lento, dificuldade em encontrar palavras adequadas, na resolu\u00e7\u00e3o de problemas e na realiza\u00e7\u00e3o de m\u00faltiplas tarefas<\/p>\n<p>\u2022 ansiedade e depress\u00e3o<\/p>\n<p>\u2022 alucina\u00e7\u00f5es<\/p>\n<p>\u2022 constipa\u00e7\u00e3o e incontin\u00eancia<\/p>\n<p>\u2022 express\u00e3o facial fixa, sem piscar os olhos e com a boca aberta, e, em est\u00e1gios mais avan\u00e7ados, dificuldade em falar, comer e engolir. Alguns pacientes podem desenvolver dem\u00eancia.<\/p>\n<p>O Parkinson piora com o tempo, por isso \u00e9 chamada de \u201cdoen\u00e7a degenerativa\u201d. \u00c9 mais comum em pessoas acima de 55 anos, embora tamb\u00e9m possa afetar os mais jovens. Algumas pessoas convivem com esse dist\u00farbio por muitos anos e apresentam apenas sintomas leves. Por isso, n\u00e3o pense no pior se o seu diagn\u00f3stico for positivo.<\/p>\n<p><strong><strong>Voc\u00ea corre risco?<\/strong<\/strong>><br \/>\nOs cientistas n\u00e3o sabem por que as pessoas desenvolvem a doen\u00e7a de Parkinson, mas acredita-se que se deva a uma combina\u00e7\u00e3o de fatores gen\u00e9ticos, ambientais e de estilo de vida. Al\u00e9m disso, ela parece ser mais comum em homens do que em mulheres.<\/p>\n<p><strong><strong>Como \u00e9 diagnosticada?<\/strong><\/strong><br \/>\nA doen\u00e7a de Parkinson pode ser de dif\u00edcil diagn\u00f3stico, pois ainda n\u00e3o existem testes cl\u00ednicos definitivos. O primeiro sinal pode ser um leve tremor ou dificuldade de manipular uma caneta (a caligrafia em geral fica menor) por causa dos efeitos da doen\u00e7a nas habilidades motoras finas. O m\u00e9dico vai realizar exames neurol\u00f3gicos que podem incluir a observa\u00e7\u00e3o do paciente ao sentar-se, levantar-se, andar e estender os bra\u00e7os, bem como verificar o equil\u00edbrio e a coordena\u00e7\u00e3o motora. Exames como o SPECT scan (tomografia computadorizada por emiss\u00e3o de f\u00f3ton \u00fanico)<br \/>\npodem detectar a defici\u00eancia de dopamina, e a resson\u00e2ncia magn\u00e9tica em geral \u00e9 necess\u00e1ria para descartar outras doen\u00e7as.<\/p>\n<p><strong><strong>Qual \u00e9 o tratamento?<\/strong><\/strong><br \/>\nO Parkinson, em geral, \u00e9 tratado com medicamentos, como a levodopa, que \u00e9<br \/>\nconvertida em dopamina no c\u00e9rebro. Alguns pacientes podem precisar de medicamentos combinados. Para casos graves, t\u00e9cnicas cir\u00fargicas tamb\u00e9m podem ajudar: a mais comum \u00e9 a estimula\u00e7\u00e3o cerebral profunda (ECP), que pode auxiliar a aliviar sintomas como tremores e movimentos mais lentos. Um fio fixado a um dispositivo semelhante a um marca-passo \u00e9 colocado no c\u00e9rebro. O dispositivo \u00e9 implantado na parede tor\u00e1cica e gera uma pequena corrente el\u00e9trica, que estimula a parte do c\u00e9rebro afetada.<\/p>\n<p><strong><strong>Redu\u00e7\u00e3o de riscos<\/strong><\/strong><br \/>\n\u00c9 quase imposs\u00edvel prever quem vai desenvolver a doen\u00e7a de Parkinson. Pesquisadores em todo o mundo buscam compreender quais s\u00e3o as condi\u00e7\u00f5es que podem reduzir os fatores de risco, mas nada foi comprovado at\u00e9 o momento.<\/p>\n<p>Estudos observaram que fumantes t\u00eam risco reduzido de doen\u00e7a de Parkinson, o que n\u00e3o significa que voc\u00ea deva come\u00e7ar a fumar \u2013 os perigos s\u00e3o muito maiores do que quaisquer poss\u00edveis benef\u00edcios! Estudos cl\u00ednicos t\u00eam analisado os efeitos positivos da nicotina.<br \/>\nAlguns estudos mostraram que pessoas que tomam caf\u00e9 regularmente ou fizeram uso regular do anti-inflamat\u00f3rio ibuprofeno podem ser menos suscet\u00edveis \u00e0 doen\u00e7a.<br \/>\nMuitos pacientes com Parkinson t\u00eam car\u00eancia de vitamina D. Mant\u00ea-la em n\u00edveis saud\u00e1veis pode diminuir os riscos.<\/p>\n<p>Fonte: Selec\u00f5es<\/p>\n","protected":false},"excerpt":{"rendered":"<p>H\u00e1 v\u00e1rias doen\u00e7as de progress\u00e3o lenta que podem afetar o c\u00e9rebro em fun\u00e7\u00e3o da perda maci\u00e7a de c\u00e9lulas cerebrais, como a doen\u00e7a de Alzheimer. Saiba mais! H\u00e1 uma tend\u00eancia a se associar dem\u00eancia aos idosos e encaramos a doen\u00e7a como parte do processo natural de envelhecimento. De fato, com frequ\u00eancia, ela \u00e9 incorretamente referida como &hellip; <a href=\"https:\/\/neuroforma.com.br\/novo\/conheca-os-tipos-de-demencia-e-seus-principais-sintomas\/\" class=\"more-link\">Continue lendo <span class=\"screen-reader-text\">Conhe\u00e7a os tipos de dem\u00eancia e seus principais sintomas<\/span> <span class=\"meta-nav\">&rarr;<\/span><\/a><\/p>\n","protected":false},"author":1,"featured_media":5281,"comment_status":"closed","ping_status":"closed","sticky":false,"template":"","format":"standard","meta":{"footnotes":""},"categories":[1],"tags":[],"class_list":["post-5280","post","type-post","status-publish","format-standard","has-post-thumbnail","hentry","category-uncategorized","repupress_customize_woocommerce_productom_class"],"yoast_head":"<!-- This site is optimized with the Yoast SEO plugin v26.9 - https:\/\/yoast.com\/product\/yoast-seo-wordpress\/ -->\n<title>Conhe\u00e7a os tipos de dem\u00eancia e seus principais sintomas -<\/title>\n<meta name=\"robots\" content=\"index, follow, max-snippet:-1, max-image-preview:large, max-video-preview:-1\" \/>\n<link rel=\"canonical\" href=\"https:\/\/neuroforma.com.br\/novo\/conheca-os-tipos-de-demencia-e-seus-principais-sintomas\/\" \/>\n<meta property=\"og:locale\" content=\"pt_BR\" \/>\n<meta property=\"og:type\" content=\"article\" \/>\n<meta property=\"og:title\" content=\"Conhe\u00e7a os tipos de dem\u00eancia e seus principais sintomas -\" \/>\n<meta property=\"og:description\" content=\"H\u00e1 v\u00e1rias doen\u00e7as de progress\u00e3o lenta que podem afetar o c\u00e9rebro em fun\u00e7\u00e3o da perda maci\u00e7a de c\u00e9lulas cerebrais, como a doen\u00e7a de Alzheimer. Saiba mais! H\u00e1 uma tend\u00eancia a se associar dem\u00eancia aos idosos e encaramos a doen\u00e7a como parte do processo natural de envelhecimento. De fato, com frequ\u00eancia, ela \u00e9 incorretamente referida como &hellip; Continue lendo Conhe\u00e7a os tipos de dem\u00eancia e seus principais sintomas &rarr;\" \/>\n<meta property=\"og:url\" content=\"https:\/\/neuroforma.com.br\/novo\/conheca-os-tipos-de-demencia-e-seus-principais-sintomas\/\" \/>\n<meta property=\"article:published_time\" content=\"2019-12-27T23:31:39+00:00\" \/>\n<meta property=\"article:modified_time\" content=\"2019-12-27T23:55:05+00:00\" \/>\n<meta property=\"og:image\" content=\"https:\/\/neuroforma.com.br\/novo\/wp-content\/uploads\/2019\/12\/imagem.png\" \/>\n\t<meta property=\"og:image:width\" content=\"622\" \/>\n\t<meta property=\"og:image:height\" content=\"346\" \/>\n\t<meta property=\"og:image:type\" content=\"image\/png\" \/>\n<meta name=\"author\" content=\"admin\" \/>\n<meta name=\"twitter:label1\" content=\"Escrito por\" \/>\n\t<meta name=\"twitter:data1\" content=\"admin\" \/>\n\t<meta name=\"twitter:label2\" content=\"Est. tempo de leitura\" \/>\n\t<meta name=\"twitter:data2\" content=\"6 minutos\" \/>\n<script type=\"application\/ld+json\" class=\"yoast-schema-graph\">{\"@context\":\"https:\/\/schema.org\",\"@graph\":[{\"@type\":\"Article\",\"@id\":\"https:\/\/neuroforma.com.br\/novo\/conheca-os-tipos-de-demencia-e-seus-principais-sintomas\/#article\",\"isPartOf\":{\"@id\":\"https:\/\/neuroforma.com.br\/novo\/conheca-os-tipos-de-demencia-e-seus-principais-sintomas\/\"},\"author\":{\"name\":\"admin\",\"@id\":\"https:\/\/neuroforma.com.br\/novo\/#\/schema\/person\/12d211761dd8050314f7756a31961c56\"},\"headline\":\"Conhe\u00e7a os tipos de dem\u00eancia e seus principais sintomas\",\"datePublished\":\"2019-12-27T23:31:39+00:00\",\"dateModified\":\"2019-12-27T23:55:05+00:00\",\"mainEntityOfPage\":{\"@id\":\"https:\/\/neuroforma.com.br\/novo\/conheca-os-tipos-de-demencia-e-seus-principais-sintomas\/\"},\"wordCount\":1231,\"image\":{\"@id\":\"https:\/\/neuroforma.com.br\/novo\/conheca-os-tipos-de-demencia-e-seus-principais-sintomas\/#primaryimage\"},\"thumbnailUrl\":\"https:\/\/neuroforma.com.br\/novo\/wp-content\/uploads\/2019\/12\/imagem.png\",\"articleSection\":[\"Uncategorized\"],\"inLanguage\":\"pt-BR\"},{\"@type\":\"WebPage\",\"@id\":\"https:\/\/neuroforma.com.br\/novo\/conheca-os-tipos-de-demencia-e-seus-principais-sintomas\/\",\"url\":\"https:\/\/neuroforma.com.br\/novo\/conheca-os-tipos-de-demencia-e-seus-principais-sintomas\/\",\"name\":\"Conhe\u00e7a os tipos de dem\u00eancia e seus principais sintomas -\",\"isPartOf\":{\"@id\":\"https:\/\/neuroforma.com.br\/novo\/#website\"},\"primaryImageOfPage\":{\"@id\":\"https:\/\/neuroforma.com.br\/novo\/conheca-os-tipos-de-demencia-e-seus-principais-sintomas\/#primaryimage\"},\"image\":{\"@id\":\"https:\/\/neuroforma.com.br\/novo\/conheca-os-tipos-de-demencia-e-seus-principais-sintomas\/#primaryimage\"},\"thumbnailUrl\":\"https:\/\/neuroforma.com.br\/novo\/wp-content\/uploads\/2019\/12\/imagem.png\",\"datePublished\":\"2019-12-27T23:31:39+00:00\",\"dateModified\":\"2019-12-27T23:55:05+00:00\",\"author\":{\"@id\":\"https:\/\/neuroforma.com.br\/novo\/#\/schema\/person\/12d211761dd8050314f7756a31961c56\"},\"breadcrumb\":{\"@id\":\"https:\/\/neuroforma.com.br\/novo\/conheca-os-tipos-de-demencia-e-seus-principais-sintomas\/#breadcrumb\"},\"inLanguage\":\"pt-BR\",\"potentialAction\":[{\"@type\":\"ReadAction\",\"target\":[\"https:\/\/neuroforma.com.br\/novo\/conheca-os-tipos-de-demencia-e-seus-principais-sintomas\/\"]}]},{\"@type\":\"ImageObject\",\"inLanguage\":\"pt-BR\",\"@id\":\"https:\/\/neuroforma.com.br\/novo\/conheca-os-tipos-de-demencia-e-seus-principais-sintomas\/#primaryimage\",\"url\":\"https:\/\/neuroforma.com.br\/novo\/wp-content\/uploads\/2019\/12\/imagem.png\",\"contentUrl\":\"https:\/\/neuroforma.com.br\/novo\/wp-content\/uploads\/2019\/12\/imagem.png\",\"width\":622,\"height\":346},{\"@type\":\"BreadcrumbList\",\"@id\":\"https:\/\/neuroforma.com.br\/novo\/conheca-os-tipos-de-demencia-e-seus-principais-sintomas\/#breadcrumb\",\"itemListElement\":[{\"@type\":\"ListItem\",\"position\":1,\"name\":\"Home\",\"item\":\"https:\/\/neuroforma.com.br\/novo\/\"},{\"@type\":\"ListItem\",\"position\":2,\"name\":\"Conhe\u00e7a os tipos de dem\u00eancia e seus principais sintomas\"}]},{\"@type\":\"WebSite\",\"@id\":\"https:\/\/neuroforma.com.br\/novo\/#website\",\"url\":\"https:\/\/neuroforma.com.br\/novo\/\",\"name\":\"\",\"description\":\"\",\"potentialAction\":[{\"@type\":\"SearchAction\",\"target\":{\"@type\":\"EntryPoint\",\"urlTemplate\":\"https:\/\/neuroforma.com.br\/novo\/?s={search_term_string}\"},\"query-input\":{\"@type\":\"PropertyValueSpecification\",\"valueRequired\":true,\"valueName\":\"search_term_string\"}}],\"inLanguage\":\"pt-BR\"},{\"@type\":\"Person\",\"@id\":\"https:\/\/neuroforma.com.br\/novo\/#\/schema\/person\/12d211761dd8050314f7756a31961c56\",\"name\":\"admin\",\"image\":{\"@type\":\"ImageObject\",\"inLanguage\":\"pt-BR\",\"@id\":\"https:\/\/neuroforma.com.br\/novo\/#\/schema\/person\/image\/\",\"url\":\"https:\/\/secure.gravatar.com\/avatar\/78c99431103c8eac07c3e394450e82f604cfb9126e1520128d5a7033920b57e5?s=96&d=mm&r=g\",\"contentUrl\":\"https:\/\/secure.gravatar.com\/avatar\/78c99431103c8eac07c3e394450e82f604cfb9126e1520128d5a7033920b57e5?s=96&d=mm&r=g\",\"caption\":\"admin\"},\"url\":\"https:\/\/neuroforma.com.br\/novo\/author\/admin\/\"}]}<\/script>\n<!-- \/ Yoast SEO plugin. -->","yoast_head_json":{"title":"Conhe\u00e7a os tipos de dem\u00eancia e seus principais sintomas -","robots":{"index":"index","follow":"follow","max-snippet":"max-snippet:-1","max-image-preview":"max-image-preview:large","max-video-preview":"max-video-preview:-1"},"canonical":"https:\/\/neuroforma.com.br\/novo\/conheca-os-tipos-de-demencia-e-seus-principais-sintomas\/","og_locale":"pt_BR","og_type":"article","og_title":"Conhe\u00e7a os tipos de dem\u00eancia e seus principais sintomas -","og_description":"H\u00e1 v\u00e1rias doen\u00e7as de progress\u00e3o lenta que podem afetar o c\u00e9rebro em fun\u00e7\u00e3o da perda maci\u00e7a de c\u00e9lulas cerebrais, como a doen\u00e7a de Alzheimer. Saiba mais! H\u00e1 uma tend\u00eancia a se associar dem\u00eancia aos idosos e encaramos a doen\u00e7a como parte do processo natural de envelhecimento. De fato, com frequ\u00eancia, ela \u00e9 incorretamente referida como &hellip; Continue lendo Conhe\u00e7a os tipos de dem\u00eancia e seus principais sintomas &rarr;","og_url":"https:\/\/neuroforma.com.br\/novo\/conheca-os-tipos-de-demencia-e-seus-principais-sintomas\/","article_published_time":"2019-12-27T23:31:39+00:00","article_modified_time":"2019-12-27T23:55:05+00:00","og_image":[{"width":622,"height":346,"url":"https:\/\/neuroforma.com.br\/novo\/wp-content\/uploads\/2019\/12\/imagem.png","type":"image\/png"}],"author":"admin","twitter_misc":{"Escrito por":"admin","Est. tempo de leitura":"6 minutos"},"schema":{"@context":"https:\/\/schema.org","@graph":[{"@type":"Article","@id":"https:\/\/neuroforma.com.br\/novo\/conheca-os-tipos-de-demencia-e-seus-principais-sintomas\/#article","isPartOf":{"@id":"https:\/\/neuroforma.com.br\/novo\/conheca-os-tipos-de-demencia-e-seus-principais-sintomas\/"},"author":{"name":"admin","@id":"https:\/\/neuroforma.com.br\/novo\/#\/schema\/person\/12d211761dd8050314f7756a31961c56"},"headline":"Conhe\u00e7a os tipos de dem\u00eancia e seus principais sintomas","datePublished":"2019-12-27T23:31:39+00:00","dateModified":"2019-12-27T23:55:05+00:00","mainEntityOfPage":{"@id":"https:\/\/neuroforma.com.br\/novo\/conheca-os-tipos-de-demencia-e-seus-principais-sintomas\/"},"wordCount":1231,"image":{"@id":"https:\/\/neuroforma.com.br\/novo\/conheca-os-tipos-de-demencia-e-seus-principais-sintomas\/#primaryimage"},"thumbnailUrl":"https:\/\/neuroforma.com.br\/novo\/wp-content\/uploads\/2019\/12\/imagem.png","articleSection":["Uncategorized"],"inLanguage":"pt-BR"},{"@type":"WebPage","@id":"https:\/\/neuroforma.com.br\/novo\/conheca-os-tipos-de-demencia-e-seus-principais-sintomas\/","url":"https:\/\/neuroforma.com.br\/novo\/conheca-os-tipos-de-demencia-e-seus-principais-sintomas\/","name":"Conhe\u00e7a os tipos de dem\u00eancia e seus principais sintomas -","isPartOf":{"@id":"https:\/\/neuroforma.com.br\/novo\/#website"},"primaryImageOfPage":{"@id":"https:\/\/neuroforma.com.br\/novo\/conheca-os-tipos-de-demencia-e-seus-principais-sintomas\/#primaryimage"},"image":{"@id":"https:\/\/neuroforma.com.br\/novo\/conheca-os-tipos-de-demencia-e-seus-principais-sintomas\/#primaryimage"},"thumbnailUrl":"https:\/\/neuroforma.com.br\/novo\/wp-content\/uploads\/2019\/12\/imagem.png","datePublished":"2019-12-27T23:31:39+00:00","dateModified":"2019-12-27T23:55:05+00:00","author":{"@id":"https:\/\/neuroforma.com.br\/novo\/#\/schema\/person\/12d211761dd8050314f7756a31961c56"},"breadcrumb":{"@id":"https:\/\/neuroforma.com.br\/novo\/conheca-os-tipos-de-demencia-e-seus-principais-sintomas\/#breadcrumb"},"inLanguage":"pt-BR","potentialAction":[{"@type":"ReadAction","target":["https:\/\/neuroforma.com.br\/novo\/conheca-os-tipos-de-demencia-e-seus-principais-sintomas\/"]}]},{"@type":"ImageObject","inLanguage":"pt-BR","@id":"https:\/\/neuroforma.com.br\/novo\/conheca-os-tipos-de-demencia-e-seus-principais-sintomas\/#primaryimage","url":"https:\/\/neuroforma.com.br\/novo\/wp-content\/uploads\/2019\/12\/imagem.png","contentUrl":"https:\/\/neuroforma.com.br\/novo\/wp-content\/uploads\/2019\/12\/imagem.png","width":622,"height":346},{"@type":"BreadcrumbList","@id":"https:\/\/neuroforma.com.br\/novo\/conheca-os-tipos-de-demencia-e-seus-principais-sintomas\/#breadcrumb","itemListElement":[{"@type":"ListItem","position":1,"name":"Home","item":"https:\/\/neuroforma.com.br\/novo\/"},{"@type":"ListItem","position":2,"name":"Conhe\u00e7a os tipos de dem\u00eancia e seus principais sintomas"}]},{"@type":"WebSite","@id":"https:\/\/neuroforma.com.br\/novo\/#website","url":"https:\/\/neuroforma.com.br\/novo\/","name":"","description":"","potentialAction":[{"@type":"SearchAction","target":{"@type":"EntryPoint","urlTemplate":"https:\/\/neuroforma.com.br\/novo\/?s={search_term_string}"},"query-input":{"@type":"PropertyValueSpecification","valueRequired":true,"valueName":"search_term_string"}}],"inLanguage":"pt-BR"},{"@type":"Person","@id":"https:\/\/neuroforma.com.br\/novo\/#\/schema\/person\/12d211761dd8050314f7756a31961c56","name":"admin","image":{"@type":"ImageObject","inLanguage":"pt-BR","@id":"https:\/\/neuroforma.com.br\/novo\/#\/schema\/person\/image\/","url":"https:\/\/secure.gravatar.com\/avatar\/78c99431103c8eac07c3e394450e82f604cfb9126e1520128d5a7033920b57e5?s=96&d=mm&r=g","contentUrl":"https:\/\/secure.gravatar.com\/avatar\/78c99431103c8eac07c3e394450e82f604cfb9126e1520128d5a7033920b57e5?s=96&d=mm&r=g","caption":"admin"},"url":"https:\/\/neuroforma.com.br\/novo\/author\/admin\/"}]}},"_links":{"self":[{"href":"https:\/\/neuroforma.com.br\/novo\/wp-json\/wp\/v2\/posts\/5280","targetHints":{"allow":["GET"]}}],"collection":[{"href":"https:\/\/neuroforma.com.br\/novo\/wp-json\/wp\/v2\/posts"}],"about":[{"href":"https:\/\/neuroforma.com.br\/novo\/wp-json\/wp\/v2\/types\/post"}],"author":[{"embeddable":true,"href":"https:\/\/neuroforma.com.br\/novo\/wp-json\/wp\/v2\/users\/1"}],"replies":[{"embeddable":true,"href":"https:\/\/neuroforma.com.br\/novo\/wp-json\/wp\/v2\/comments?post=5280"}],"version-history":[{"count":4,"href":"https:\/\/neuroforma.com.br\/novo\/wp-json\/wp\/v2\/posts\/5280\/revisions"}],"predecessor-version":[{"id":5291,"href":"https:\/\/neuroforma.com.br\/novo\/wp-json\/wp\/v2\/posts\/5280\/revisions\/5291"}],"wp:featuredmedia":[{"embeddable":true,"href":"https:\/\/neuroforma.com.br\/novo\/wp-json\/wp\/v2\/media\/5281"}],"wp:attachment":[{"href":"https:\/\/neuroforma.com.br\/novo\/wp-json\/wp\/v2\/media?parent=5280"}],"wp:term":[{"taxonomy":"category","embeddable":true,"href":"https:\/\/neuroforma.com.br\/novo\/wp-json\/wp\/v2\/categories?post=5280"},{"taxonomy":"post_tag","embeddable":true,"href":"https:\/\/neuroforma.com.br\/novo\/wp-json\/wp\/v2\/tags?post=5280"}],"curies":[{"name":"wp","href":"https:\/\/api.w.org\/{rel}","templated":true}]}}