{"id":5276,"date":"2019-12-20T15:07:19","date_gmt":"2019-12-20T15:07:19","guid":{"rendered":"https:\/\/neuroforma.com.br\/novo\/?p=5276"},"modified":"2022-03-11T22:01:32","modified_gmt":"2022-03-11T22:01:32","slug":"memoria-coletiva-influencia-lembrancas-individuais","status":"publish","type":"post","link":"https:\/\/neuroforma.com.br\/novo\/memoria-coletiva-influencia-lembrancas-individuais\/","title":{"rendered":"Mem\u00f3ria coletiva influencia lembran\u00e7as individuais"},"content":{"rendered":"<p>Os soci\u00f3logos h\u00e1 muito enfatizam a influ\u00eancia da mem\u00f3ria coletiva em nossas mem\u00f3rias pessoais, mas, pela primeira vez, pesquisadores da \u00e1rea da neuroci\u00eancia destacaram este v\u00ednculo usando t\u00e9cnicas de imagem cerebral.<\/p>\n<p>J\u00e1 \u00e9 poss\u00edvel aprender li\u00e7\u00f5es com o estudo: nenhuma pesquisa sobre o funcionamento de nossas mem\u00f3rias pode ser feita sem levar em conta o contexto social e cultural em que evolu\u00edmos como indiv\u00edduos, explica o Instituto Nacional de Sa\u00fade e Pesquisa M\u00e9dica (Inserm) da Fran\u00e7a.<\/p>\n<p>A mem\u00f3ria coletiva \u00e9 composta de s\u00edmbolos, hist\u00f3rias, narra\u00e7\u00f5es e imagens que participam da constru\u00e7\u00e3o identit\u00e1ria de uma popula\u00e7\u00e3o.<\/p>\n<p>Transmitida entre gera\u00e7\u00f5es, pode evoluir e enriquecer, observa Pierre Gagnepain (Inserm, Caen), co-autor deste trabalho publicado na segunda-feira na revista Nature Human Behavior.<\/p>\n<p>Esse foi o caso do Holocausto ou da hist\u00f3ria da Resist\u00eancia e da colabora\u00e7\u00e3o, gra\u00e7as ao trabalho dos historiadores e das not\u00edcias sobre grandes processos (Klaus Barbie, Maurice Papon\u2026).<\/p>\n<p>Para estabelecer o v\u00ednculo entre representa\u00e7\u00f5es coletivas e mem\u00f3ria individual, os pesquisadores realizaram uma an\u00e1lise da cobertura midi\u00e1tica da Segunda Guerra Mundial, de acordo com os arquivos do Instituto Nacional do Audiovisual (INA). Objetivo deste primeiro passo: identificar representa\u00e7\u00f5es coletivas comuns associadas a este per\u00edodo.<\/p>\n<p>Os pesquisadores se concentraram no conte\u00fado de 3.766 reportagens e document\u00e1rios sobre essa guerra, transmitidos na televis\u00e3o por 30 anos, entre 1980 e 2010, e transcritos.<\/p>\n<p>\u2013 Idade conta \u2013<\/p>\n<p>Os pesquisadores analisaram esse material usando um programa de computador, baseado no modelo matem\u00e1tico que eles projetaram.<\/p>\n<p>Assim, identificaram grupos de palavras usadas regularmente para falar dos principais temas associados \u00e0 nossa mem\u00f3ria coletiva da Segunda Guerra Mundial, como o desembarque dos Aliados na Normandia.<\/p>\n<p>Em seguida, os cientistas recrutaram 24 volunt\u00e1rios, com idades entre 22 e 39 anos e que cresceram nos 30 anos analisados, para visitar o Memorial de Caen (Normandia) e observar fotos com legendas.<\/p>\n<p>A an\u00e1lise das palavras dessas legendas (trem, sabotagem, maquis, bombardeio etc.) serviu para determinar se as fotos pertenciam ao mesmo tema da mem\u00f3ria coletiva.<\/p>\n<p>Os volunt\u00e1rios passaram por testes de imagem (resson\u00e2ncia magn\u00e9tica funcional) enquanto recordavam das imagens vistas no dia anterior no Memorial. Os pesquisadores se concentraram na atividade do c\u00f3rtex pr\u00e9-frontal medial, uma regi\u00e3o importante para os esquemas de mem\u00f3ria.<\/p>\n<p>Resultado: quando as fotos eram associadas ao mesmo tema da mem\u00f3ria coletiva, tendiam a desencadear uma atividade cerebral semelhante entre os volunt\u00e1rios. Um sinal de que a mem\u00f3ria coletiva molda a mem\u00f3ria individual.<\/p>\n<p>\u201cGagnepain e seus colegas mostram que a organiza\u00e7\u00e3o das mem\u00f3rias no c\u00e9rebro reflete a estrutura do discurso cultural compartilhado\u201d, comentam dois especialistas americanos em psicologia, Matthew Siegelman e Christopher Baldassano, na revis\u00e3o.<\/p>\n<p>\u201cUma descoberta intrigante do estudo \u00e9 que a for\u00e7a desse alinhamento entre representa\u00e7\u00f5es neurais e o esquema coletivo aumenta com a idade, com os efeitos mais fracos observados em participantes mais jovens\u201d, observam eles.<\/p>\n<p>Os volunt\u00e1rios mais velhos, que foram os mais expostos \u00e0s hist\u00f3rias do per\u00edodo estudado (1980-2010), foram os mais influenciados pela mem\u00f3ria coletiva, explica \u00e0 AFP Gagnepain.<\/p>\n<p>Este \u00faltimo realizou o estudo com Francis Eustache (Inserm) e colegas do programa Matriz de Pesquisa sobre a Mem\u00f3ria, liderado pelo historiador do CNRS Denis Peschanski.<\/p>\n<p><em>Fonte: Isto\u00c9<\/em><\/p>\n","protected":false},"excerpt":{"rendered":"<p>Os soci\u00f3logos h\u00e1 muito enfatizam a influ\u00eancia da mem\u00f3ria coletiva em nossas mem\u00f3rias pessoais, mas, pela primeira vez, pesquisadores da \u00e1rea da neuroci\u00eancia destacaram este v\u00ednculo usando t\u00e9cnicas de imagem cerebral. J\u00e1 \u00e9 poss\u00edvel aprender li\u00e7\u00f5es com o estudo: nenhuma pesquisa sobre o funcionamento de nossas mem\u00f3rias pode ser feita sem levar em conta o &hellip; <a href=\"https:\/\/neuroforma.com.br\/novo\/memoria-coletiva-influencia-lembrancas-individuais\/\" class=\"more-link\">Continue lendo <span class=\"screen-reader-text\">Mem\u00f3ria coletiva influencia lembran\u00e7as individuais<\/span> <span class=\"meta-nav\">&rarr;<\/span><\/a><\/p>\n","protected":false},"author":1,"featured_media":0,"comment_status":"closed","ping_status":"closed","sticky":false,"template":"","format":"standard","meta":{"footnotes":""},"categories":[1],"tags":[],"class_list":["post-5276","post","type-post","status-publish","format-standard","hentry","category-uncategorized","repupress_customize_woocommerce_productom_class"],"yoast_head":"<!-- This site is optimized with the Yoast SEO plugin v26.9 - https:\/\/yoast.com\/product\/yoast-seo-wordpress\/ -->\n<title>Mem\u00f3ria coletiva influencia lembran\u00e7as individuais -<\/title>\n<meta name=\"robots\" content=\"index, follow, max-snippet:-1, max-image-preview:large, max-video-preview:-1\" \/>\n<link rel=\"canonical\" href=\"https:\/\/neuroforma.com.br\/novo\/memoria-coletiva-influencia-lembrancas-individuais\/\" \/>\n<meta property=\"og:locale\" content=\"pt_BR\" \/>\n<meta property=\"og:type\" content=\"article\" \/>\n<meta property=\"og:title\" content=\"Mem\u00f3ria coletiva influencia lembran\u00e7as individuais -\" \/>\n<meta property=\"og:description\" content=\"Os soci\u00f3logos h\u00e1 muito enfatizam a influ\u00eancia da mem\u00f3ria coletiva em nossas mem\u00f3rias pessoais, mas, pela primeira vez, pesquisadores da \u00e1rea da neuroci\u00eancia destacaram este v\u00ednculo usando t\u00e9cnicas de imagem cerebral. J\u00e1 \u00e9 poss\u00edvel aprender li\u00e7\u00f5es com o estudo: nenhuma pesquisa sobre o funcionamento de nossas mem\u00f3rias pode ser feita sem levar em conta o &hellip; Continue lendo Mem\u00f3ria coletiva influencia lembran\u00e7as individuais &rarr;\" \/>\n<meta property=\"og:url\" content=\"https:\/\/neuroforma.com.br\/novo\/memoria-coletiva-influencia-lembrancas-individuais\/\" \/>\n<meta property=\"article:published_time\" content=\"2019-12-20T15:07:19+00:00\" \/>\n<meta property=\"article:modified_time\" content=\"2022-03-11T22:01:32+00:00\" \/>\n<meta name=\"author\" content=\"admin\" \/>\n<meta name=\"twitter:label1\" content=\"Escrito por\" \/>\n\t<meta name=\"twitter:data1\" content=\"admin\" \/>\n\t<meta name=\"twitter:label2\" content=\"Est. tempo de leitura\" \/>\n\t<meta name=\"twitter:data2\" content=\"3 minutos\" \/>\n<script type=\"application\/ld+json\" class=\"yoast-schema-graph\">{\"@context\":\"https:\/\/schema.org\",\"@graph\":[{\"@type\":\"Article\",\"@id\":\"https:\/\/neuroforma.com.br\/novo\/memoria-coletiva-influencia-lembrancas-individuais\/#article\",\"isPartOf\":{\"@id\":\"https:\/\/neuroforma.com.br\/novo\/memoria-coletiva-influencia-lembrancas-individuais\/\"},\"author\":{\"name\":\"admin\",\"@id\":\"https:\/\/neuroforma.com.br\/novo\/#\/schema\/person\/12d211761dd8050314f7756a31961c56\"},\"headline\":\"Mem\u00f3ria coletiva influencia lembran\u00e7as individuais\",\"datePublished\":\"2019-12-20T15:07:19+00:00\",\"dateModified\":\"2022-03-11T22:01:32+00:00\",\"mainEntityOfPage\":{\"@id\":\"https:\/\/neuroforma.com.br\/novo\/memoria-coletiva-influencia-lembrancas-individuais\/\"},\"wordCount\":572,\"articleSection\":[\"Uncategorized\"],\"inLanguage\":\"pt-BR\"},{\"@type\":\"WebPage\",\"@id\":\"https:\/\/neuroforma.com.br\/novo\/memoria-coletiva-influencia-lembrancas-individuais\/\",\"url\":\"https:\/\/neuroforma.com.br\/novo\/memoria-coletiva-influencia-lembrancas-individuais\/\",\"name\":\"Mem\u00f3ria coletiva influencia lembran\u00e7as individuais -\",\"isPartOf\":{\"@id\":\"https:\/\/neuroforma.com.br\/novo\/#website\"},\"datePublished\":\"2019-12-20T15:07:19+00:00\",\"dateModified\":\"2022-03-11T22:01:32+00:00\",\"author\":{\"@id\":\"https:\/\/neuroforma.com.br\/novo\/#\/schema\/person\/12d211761dd8050314f7756a31961c56\"},\"breadcrumb\":{\"@id\":\"https:\/\/neuroforma.com.br\/novo\/memoria-coletiva-influencia-lembrancas-individuais\/#breadcrumb\"},\"inLanguage\":\"pt-BR\",\"potentialAction\":[{\"@type\":\"ReadAction\",\"target\":[\"https:\/\/neuroforma.com.br\/novo\/memoria-coletiva-influencia-lembrancas-individuais\/\"]}]},{\"@type\":\"BreadcrumbList\",\"@id\":\"https:\/\/neuroforma.com.br\/novo\/memoria-coletiva-influencia-lembrancas-individuais\/#breadcrumb\",\"itemListElement\":[{\"@type\":\"ListItem\",\"position\":1,\"name\":\"Home\",\"item\":\"https:\/\/neuroforma.com.br\/novo\/\"},{\"@type\":\"ListItem\",\"position\":2,\"name\":\"Mem\u00f3ria coletiva influencia lembran\u00e7as individuais\"}]},{\"@type\":\"WebSite\",\"@id\":\"https:\/\/neuroforma.com.br\/novo\/#website\",\"url\":\"https:\/\/neuroforma.com.br\/novo\/\",\"name\":\"\",\"description\":\"\",\"potentialAction\":[{\"@type\":\"SearchAction\",\"target\":{\"@type\":\"EntryPoint\",\"urlTemplate\":\"https:\/\/neuroforma.com.br\/novo\/?s={search_term_string}\"},\"query-input\":{\"@type\":\"PropertyValueSpecification\",\"valueRequired\":true,\"valueName\":\"search_term_string\"}}],\"inLanguage\":\"pt-BR\"},{\"@type\":\"Person\",\"@id\":\"https:\/\/neuroforma.com.br\/novo\/#\/schema\/person\/12d211761dd8050314f7756a31961c56\",\"name\":\"admin\",\"image\":{\"@type\":\"ImageObject\",\"inLanguage\":\"pt-BR\",\"@id\":\"https:\/\/neuroforma.com.br\/novo\/#\/schema\/person\/image\/\",\"url\":\"https:\/\/secure.gravatar.com\/avatar\/78c99431103c8eac07c3e394450e82f604cfb9126e1520128d5a7033920b57e5?s=96&d=mm&r=g\",\"contentUrl\":\"https:\/\/secure.gravatar.com\/avatar\/78c99431103c8eac07c3e394450e82f604cfb9126e1520128d5a7033920b57e5?s=96&d=mm&r=g\",\"caption\":\"admin\"},\"url\":\"https:\/\/neuroforma.com.br\/novo\/author\/admin\/\"}]}<\/script>\n<!-- \/ Yoast SEO plugin. -->","yoast_head_json":{"title":"Mem\u00f3ria coletiva influencia lembran\u00e7as individuais -","robots":{"index":"index","follow":"follow","max-snippet":"max-snippet:-1","max-image-preview":"max-image-preview:large","max-video-preview":"max-video-preview:-1"},"canonical":"https:\/\/neuroforma.com.br\/novo\/memoria-coletiva-influencia-lembrancas-individuais\/","og_locale":"pt_BR","og_type":"article","og_title":"Mem\u00f3ria coletiva influencia lembran\u00e7as individuais -","og_description":"Os soci\u00f3logos h\u00e1 muito enfatizam a influ\u00eancia da mem\u00f3ria coletiva em nossas mem\u00f3rias pessoais, mas, pela primeira vez, pesquisadores da \u00e1rea da neuroci\u00eancia destacaram este v\u00ednculo usando t\u00e9cnicas de imagem cerebral. J\u00e1 \u00e9 poss\u00edvel aprender li\u00e7\u00f5es com o estudo: nenhuma pesquisa sobre o funcionamento de nossas mem\u00f3rias pode ser feita sem levar em conta o &hellip; Continue lendo Mem\u00f3ria coletiva influencia lembran\u00e7as individuais &rarr;","og_url":"https:\/\/neuroforma.com.br\/novo\/memoria-coletiva-influencia-lembrancas-individuais\/","article_published_time":"2019-12-20T15:07:19+00:00","article_modified_time":"2022-03-11T22:01:32+00:00","author":"admin","twitter_misc":{"Escrito por":"admin","Est. tempo de leitura":"3 minutos"},"schema":{"@context":"https:\/\/schema.org","@graph":[{"@type":"Article","@id":"https:\/\/neuroforma.com.br\/novo\/memoria-coletiva-influencia-lembrancas-individuais\/#article","isPartOf":{"@id":"https:\/\/neuroforma.com.br\/novo\/memoria-coletiva-influencia-lembrancas-individuais\/"},"author":{"name":"admin","@id":"https:\/\/neuroforma.com.br\/novo\/#\/schema\/person\/12d211761dd8050314f7756a31961c56"},"headline":"Mem\u00f3ria coletiva influencia lembran\u00e7as individuais","datePublished":"2019-12-20T15:07:19+00:00","dateModified":"2022-03-11T22:01:32+00:00","mainEntityOfPage":{"@id":"https:\/\/neuroforma.com.br\/novo\/memoria-coletiva-influencia-lembrancas-individuais\/"},"wordCount":572,"articleSection":["Uncategorized"],"inLanguage":"pt-BR"},{"@type":"WebPage","@id":"https:\/\/neuroforma.com.br\/novo\/memoria-coletiva-influencia-lembrancas-individuais\/","url":"https:\/\/neuroforma.com.br\/novo\/memoria-coletiva-influencia-lembrancas-individuais\/","name":"Mem\u00f3ria coletiva influencia lembran\u00e7as individuais -","isPartOf":{"@id":"https:\/\/neuroforma.com.br\/novo\/#website"},"datePublished":"2019-12-20T15:07:19+00:00","dateModified":"2022-03-11T22:01:32+00:00","author":{"@id":"https:\/\/neuroforma.com.br\/novo\/#\/schema\/person\/12d211761dd8050314f7756a31961c56"},"breadcrumb":{"@id":"https:\/\/neuroforma.com.br\/novo\/memoria-coletiva-influencia-lembrancas-individuais\/#breadcrumb"},"inLanguage":"pt-BR","potentialAction":[{"@type":"ReadAction","target":["https:\/\/neuroforma.com.br\/novo\/memoria-coletiva-influencia-lembrancas-individuais\/"]}]},{"@type":"BreadcrumbList","@id":"https:\/\/neuroforma.com.br\/novo\/memoria-coletiva-influencia-lembrancas-individuais\/#breadcrumb","itemListElement":[{"@type":"ListItem","position":1,"name":"Home","item":"https:\/\/neuroforma.com.br\/novo\/"},{"@type":"ListItem","position":2,"name":"Mem\u00f3ria coletiva influencia lembran\u00e7as individuais"}]},{"@type":"WebSite","@id":"https:\/\/neuroforma.com.br\/novo\/#website","url":"https:\/\/neuroforma.com.br\/novo\/","name":"","description":"","potentialAction":[{"@type":"SearchAction","target":{"@type":"EntryPoint","urlTemplate":"https:\/\/neuroforma.com.br\/novo\/?s={search_term_string}"},"query-input":{"@type":"PropertyValueSpecification","valueRequired":true,"valueName":"search_term_string"}}],"inLanguage":"pt-BR"},{"@type":"Person","@id":"https:\/\/neuroforma.com.br\/novo\/#\/schema\/person\/12d211761dd8050314f7756a31961c56","name":"admin","image":{"@type":"ImageObject","inLanguage":"pt-BR","@id":"https:\/\/neuroforma.com.br\/novo\/#\/schema\/person\/image\/","url":"https:\/\/secure.gravatar.com\/avatar\/78c99431103c8eac07c3e394450e82f604cfb9126e1520128d5a7033920b57e5?s=96&d=mm&r=g","contentUrl":"https:\/\/secure.gravatar.com\/avatar\/78c99431103c8eac07c3e394450e82f604cfb9126e1520128d5a7033920b57e5?s=96&d=mm&r=g","caption":"admin"},"url":"https:\/\/neuroforma.com.br\/novo\/author\/admin\/"}]}},"_links":{"self":[{"href":"https:\/\/neuroforma.com.br\/novo\/wp-json\/wp\/v2\/posts\/5276","targetHints":{"allow":["GET"]}}],"collection":[{"href":"https:\/\/neuroforma.com.br\/novo\/wp-json\/wp\/v2\/posts"}],"about":[{"href":"https:\/\/neuroforma.com.br\/novo\/wp-json\/wp\/v2\/types\/post"}],"author":[{"embeddable":true,"href":"https:\/\/neuroforma.com.br\/novo\/wp-json\/wp\/v2\/users\/1"}],"replies":[{"embeddable":true,"href":"https:\/\/neuroforma.com.br\/novo\/wp-json\/wp\/v2\/comments?post=5276"}],"version-history":[{"count":2,"href":"https:\/\/neuroforma.com.br\/novo\/wp-json\/wp\/v2\/posts\/5276\/revisions"}],"predecessor-version":[{"id":6021,"href":"https:\/\/neuroforma.com.br\/novo\/wp-json\/wp\/v2\/posts\/5276\/revisions\/6021"}],"wp:attachment":[{"href":"https:\/\/neuroforma.com.br\/novo\/wp-json\/wp\/v2\/media?parent=5276"}],"wp:term":[{"taxonomy":"category","embeddable":true,"href":"https:\/\/neuroforma.com.br\/novo\/wp-json\/wp\/v2\/categories?post=5276"},{"taxonomy":"post_tag","embeddable":true,"href":"https:\/\/neuroforma.com.br\/novo\/wp-json\/wp\/v2\/tags?post=5276"}],"curies":[{"name":"wp","href":"https:\/\/api.w.org\/{rel}","templated":true}]}}