{"id":5266,"date":"2019-12-12T17:05:07","date_gmt":"2019-12-12T17:05:07","guid":{"rendered":"https:\/\/neuroforma.com.br\/novo\/?p=5266"},"modified":"2019-12-12T17:06:29","modified_gmt":"2019-12-12T17:06:29","slug":"iniciativa-quer-aumentar-visibilidade-de-pesquisas-latino-americanas-sobre-cerebro","status":"publish","type":"post","link":"https:\/\/neuroforma.com.br\/novo\/iniciativa-quer-aumentar-visibilidade-de-pesquisas-latino-americanas-sobre-cerebro\/","title":{"rendered":"Iniciativa quer aumentar visibilidade de pesquisas latino-americanas sobre c\u00e9rebro"},"content":{"rendered":"<p><img loading=\"lazy\" decoding=\"async\" src=\"https:\/\/neuroforma.com.br\/novo\/wp-content\/uploads\/2019\/12\/post_blog.png\" alt=\"post_blog\" width=\"622\" height=\"346\" class=\"alignleft size-full wp-image-5267\" srcset=\"https:\/\/neuroforma.com.br\/novo\/wp-content\/uploads\/2019\/12\/post_blog.png 622w, https:\/\/neuroforma.com.br\/novo\/wp-content\/uploads\/2019\/12\/post_blog-300x167.png 300w\" sizes=\"auto, (max-width: 622px) 100vw, 622px\" \/><\/p>\n<p><em><strong>Neurocientistas querem compartilhar resultados e experi\u00eancias entre melhores centros de pesquisa do mundo<\/strong><\/em><\/p>\n<p>Pesquisas sobre o entendimento do c\u00e9rebro, realizadas em pa\u00edses da Am\u00e9rica Latina e Caribe, v\u00e3o ganhar mais visibilidade e inser\u00e7\u00e3o mundial com a cria\u00e7\u00e3o da Iniciativa Latino-Americana do C\u00e9rebro. A ideia \u00e9 combinar esfor\u00e7os e recursos para que os estudiosos da neuroci\u00eancia compartilhem seus resultados e experi\u00eancias com os melhores centros de pesquisa existentes no mundo.<\/p>\n<p>Presidente da Federa\u00e7\u00e3o de Sociedades de Neuroci\u00eancia da Am\u00e9rica Latina (Falan), do Caribe e na Pen\u00ednsula Ib\u00e9rica, a professora Elaine Del Bel, do Laborat\u00f3rio de Neurobiologia Celular da Faculdade de Odontologia (Forp) da USP em Ribeir\u00e3o Preto e representante dessas entidades na Iniciativa, conta que o projeto surgiu pela complexidade da estrutura cerebral e o imenso esfor\u00e7o necess\u00e1rio para entender o c\u00e9rebro. <\/p>\n<p>As pesquisas v\u00e3o se debru\u00e7ar sobre as doen\u00e7as neurol\u00f3gicas e as possibilidades de cura, mas devem ir al\u00e9m. Segundo a professora, v\u00e3o estudar tamb\u00e9m os limites da \u00e9tica, principalmente agora quando o mundo entra na era da Intelig\u00eancia Artificial, ci\u00eancia que se desenvolve com base nas descobertas sobre o c\u00e9rebro. Elaine Del Bel, que tamb\u00e9m \u00e9 representante da Sociedade Brasileira de Neuroci\u00eancias e Comportamento, explica que, com esse cen\u00e1rio, a USP pode ser importante por ter uma riqueza de c\u00e9rebros e cientistas com todas as condi\u00e7\u00f5es para o avan\u00e7o dessas investiga\u00e7\u00f5es. <\/p>\n<p>\u201c\u00c9 claro que se espera que haja um investimento, mas tamb\u00e9m se espera que haja uma amplifica\u00e7\u00e3o do aumento do di\u00e1logo com cidad\u00e3os, com pacientes e setores relevantes da comunidade, como a ind\u00fastria\u201d, diz a professora.<\/p>\n<p><em>Fonte: JORNAL DA USP<\/em><\/p>\n","protected":false},"excerpt":{"rendered":"<p>Neurocientistas querem compartilhar resultados e experi\u00eancias entre melhores centros de pesquisa do mundo Pesquisas sobre o entendimento do c\u00e9rebro, realizadas em pa\u00edses da Am\u00e9rica Latina e Caribe, v\u00e3o ganhar mais visibilidade e inser\u00e7\u00e3o mundial com a cria\u00e7\u00e3o da Iniciativa Latino-Americana do C\u00e9rebro. A ideia \u00e9 combinar esfor\u00e7os e recursos para que os estudiosos da neuroci\u00eancia &hellip; <a href=\"https:\/\/neuroforma.com.br\/novo\/iniciativa-quer-aumentar-visibilidade-de-pesquisas-latino-americanas-sobre-cerebro\/\" class=\"more-link\">Continue lendo <span class=\"screen-reader-text\">Iniciativa quer aumentar visibilidade de pesquisas latino-americanas sobre c\u00e9rebro<\/span> <span class=\"meta-nav\">&rarr;<\/span><\/a><\/p>\n","protected":false},"author":1,"featured_media":5267,"comment_status":"closed","ping_status":"closed","sticky":false,"template":"","format":"standard","meta":{"footnotes":""},"categories":[1],"tags":[],"class_list":["post-5266","post","type-post","status-publish","format-standard","has-post-thumbnail","hentry","category-uncategorized","repupress_customize_woocommerce_productom_class"],"yoast_head":"<!-- This site is optimized with the Yoast SEO plugin v26.9 - https:\/\/yoast.com\/product\/yoast-seo-wordpress\/ -->\n<title>Iniciativa quer aumentar visibilidade de pesquisas latino-americanas sobre c\u00e9rebro -<\/title>\n<meta name=\"robots\" content=\"index, follow, max-snippet:-1, max-image-preview:large, max-video-preview:-1\" \/>\n<link rel=\"canonical\" href=\"https:\/\/neuroforma.com.br\/novo\/iniciativa-quer-aumentar-visibilidade-de-pesquisas-latino-americanas-sobre-cerebro\/\" \/>\n<meta property=\"og:locale\" content=\"pt_BR\" \/>\n<meta property=\"og:type\" content=\"article\" \/>\n<meta property=\"og:title\" content=\"Iniciativa quer aumentar visibilidade de pesquisas latino-americanas sobre c\u00e9rebro -\" \/>\n<meta property=\"og:description\" content=\"Neurocientistas querem compartilhar resultados e experi\u00eancias entre melhores centros de pesquisa do mundo Pesquisas sobre o entendimento do c\u00e9rebro, realizadas em pa\u00edses da Am\u00e9rica Latina e Caribe, v\u00e3o ganhar mais visibilidade e inser\u00e7\u00e3o mundial com a cria\u00e7\u00e3o da Iniciativa Latino-Americana do C\u00e9rebro. A ideia \u00e9 combinar esfor\u00e7os e recursos para que os estudiosos da neuroci\u00eancia &hellip; Continue lendo Iniciativa quer aumentar visibilidade de pesquisas latino-americanas sobre c\u00e9rebro &rarr;\" \/>\n<meta property=\"og:url\" content=\"https:\/\/neuroforma.com.br\/novo\/iniciativa-quer-aumentar-visibilidade-de-pesquisas-latino-americanas-sobre-cerebro\/\" \/>\n<meta property=\"article:published_time\" content=\"2019-12-12T17:05:07+00:00\" \/>\n<meta property=\"article:modified_time\" content=\"2019-12-12T17:06:29+00:00\" \/>\n<meta property=\"og:image\" content=\"https:\/\/neuroforma.com.br\/novo\/wp-content\/uploads\/2019\/12\/post_blog.png\" \/>\n\t<meta property=\"og:image:width\" content=\"622\" \/>\n\t<meta property=\"og:image:height\" content=\"346\" \/>\n\t<meta property=\"og:image:type\" content=\"image\/png\" \/>\n<meta name=\"author\" content=\"admin\" \/>\n<meta name=\"twitter:label1\" content=\"Escrito por\" \/>\n\t<meta name=\"twitter:data1\" content=\"admin\" \/>\n\t<meta name=\"twitter:label2\" content=\"Est. tempo de leitura\" \/>\n\t<meta name=\"twitter:data2\" content=\"2 minutos\" \/>\n<script type=\"application\/ld+json\" class=\"yoast-schema-graph\">{\"@context\":\"https:\/\/schema.org\",\"@graph\":[{\"@type\":\"Article\",\"@id\":\"https:\/\/neuroforma.com.br\/novo\/iniciativa-quer-aumentar-visibilidade-de-pesquisas-latino-americanas-sobre-cerebro\/#article\",\"isPartOf\":{\"@id\":\"https:\/\/neuroforma.com.br\/novo\/iniciativa-quer-aumentar-visibilidade-de-pesquisas-latino-americanas-sobre-cerebro\/\"},\"author\":{\"name\":\"admin\",\"@id\":\"https:\/\/neuroforma.com.br\/novo\/#\/schema\/person\/12d211761dd8050314f7756a31961c56\"},\"headline\":\"Iniciativa quer aumentar visibilidade de pesquisas latino-americanas sobre c\u00e9rebro\",\"datePublished\":\"2019-12-12T17:05:07+00:00\",\"dateModified\":\"2019-12-12T17:06:29+00:00\",\"mainEntityOfPage\":{\"@id\":\"https:\/\/neuroforma.com.br\/novo\/iniciativa-quer-aumentar-visibilidade-de-pesquisas-latino-americanas-sobre-cerebro\/\"},\"wordCount\":312,\"image\":{\"@id\":\"https:\/\/neuroforma.com.br\/novo\/iniciativa-quer-aumentar-visibilidade-de-pesquisas-latino-americanas-sobre-cerebro\/#primaryimage\"},\"thumbnailUrl\":\"https:\/\/neuroforma.com.br\/novo\/wp-content\/uploads\/2019\/12\/post_blog.png\",\"articleSection\":[\"Uncategorized\"],\"inLanguage\":\"pt-BR\"},{\"@type\":\"WebPage\",\"@id\":\"https:\/\/neuroforma.com.br\/novo\/iniciativa-quer-aumentar-visibilidade-de-pesquisas-latino-americanas-sobre-cerebro\/\",\"url\":\"https:\/\/neuroforma.com.br\/novo\/iniciativa-quer-aumentar-visibilidade-de-pesquisas-latino-americanas-sobre-cerebro\/\",\"name\":\"Iniciativa quer aumentar visibilidade de pesquisas latino-americanas sobre c\u00e9rebro -\",\"isPartOf\":{\"@id\":\"https:\/\/neuroforma.com.br\/novo\/#website\"},\"primaryImageOfPage\":{\"@id\":\"https:\/\/neuroforma.com.br\/novo\/iniciativa-quer-aumentar-visibilidade-de-pesquisas-latino-americanas-sobre-cerebro\/#primaryimage\"},\"image\":{\"@id\":\"https:\/\/neuroforma.com.br\/novo\/iniciativa-quer-aumentar-visibilidade-de-pesquisas-latino-americanas-sobre-cerebro\/#primaryimage\"},\"thumbnailUrl\":\"https:\/\/neuroforma.com.br\/novo\/wp-content\/uploads\/2019\/12\/post_blog.png\",\"datePublished\":\"2019-12-12T17:05:07+00:00\",\"dateModified\":\"2019-12-12T17:06:29+00:00\",\"author\":{\"@id\":\"https:\/\/neuroforma.com.br\/novo\/#\/schema\/person\/12d211761dd8050314f7756a31961c56\"},\"breadcrumb\":{\"@id\":\"https:\/\/neuroforma.com.br\/novo\/iniciativa-quer-aumentar-visibilidade-de-pesquisas-latino-americanas-sobre-cerebro\/#breadcrumb\"},\"inLanguage\":\"pt-BR\",\"potentialAction\":[{\"@type\":\"ReadAction\",\"target\":[\"https:\/\/neuroforma.com.br\/novo\/iniciativa-quer-aumentar-visibilidade-de-pesquisas-latino-americanas-sobre-cerebro\/\"]}]},{\"@type\":\"ImageObject\",\"inLanguage\":\"pt-BR\",\"@id\":\"https:\/\/neuroforma.com.br\/novo\/iniciativa-quer-aumentar-visibilidade-de-pesquisas-latino-americanas-sobre-cerebro\/#primaryimage\",\"url\":\"https:\/\/neuroforma.com.br\/novo\/wp-content\/uploads\/2019\/12\/post_blog.png\",\"contentUrl\":\"https:\/\/neuroforma.com.br\/novo\/wp-content\/uploads\/2019\/12\/post_blog.png\",\"width\":622,\"height\":346},{\"@type\":\"BreadcrumbList\",\"@id\":\"https:\/\/neuroforma.com.br\/novo\/iniciativa-quer-aumentar-visibilidade-de-pesquisas-latino-americanas-sobre-cerebro\/#breadcrumb\",\"itemListElement\":[{\"@type\":\"ListItem\",\"position\":1,\"name\":\"Home\",\"item\":\"https:\/\/neuroforma.com.br\/novo\/\"},{\"@type\":\"ListItem\",\"position\":2,\"name\":\"Iniciativa quer aumentar visibilidade de pesquisas latino-americanas sobre c\u00e9rebro\"}]},{\"@type\":\"WebSite\",\"@id\":\"https:\/\/neuroforma.com.br\/novo\/#website\",\"url\":\"https:\/\/neuroforma.com.br\/novo\/\",\"name\":\"\",\"description\":\"\",\"potentialAction\":[{\"@type\":\"SearchAction\",\"target\":{\"@type\":\"EntryPoint\",\"urlTemplate\":\"https:\/\/neuroforma.com.br\/novo\/?s={search_term_string}\"},\"query-input\":{\"@type\":\"PropertyValueSpecification\",\"valueRequired\":true,\"valueName\":\"search_term_string\"}}],\"inLanguage\":\"pt-BR\"},{\"@type\":\"Person\",\"@id\":\"https:\/\/neuroforma.com.br\/novo\/#\/schema\/person\/12d211761dd8050314f7756a31961c56\",\"name\":\"admin\",\"image\":{\"@type\":\"ImageObject\",\"inLanguage\":\"pt-BR\",\"@id\":\"https:\/\/neuroforma.com.br\/novo\/#\/schema\/person\/image\/\",\"url\":\"https:\/\/secure.gravatar.com\/avatar\/78c99431103c8eac07c3e394450e82f604cfb9126e1520128d5a7033920b57e5?s=96&d=mm&r=g\",\"contentUrl\":\"https:\/\/secure.gravatar.com\/avatar\/78c99431103c8eac07c3e394450e82f604cfb9126e1520128d5a7033920b57e5?s=96&d=mm&r=g\",\"caption\":\"admin\"},\"url\":\"https:\/\/neuroforma.com.br\/novo\/author\/admin\/\"}]}<\/script>\n<!-- \/ Yoast SEO plugin. -->","yoast_head_json":{"title":"Iniciativa quer aumentar visibilidade de pesquisas latino-americanas sobre c\u00e9rebro -","robots":{"index":"index","follow":"follow","max-snippet":"max-snippet:-1","max-image-preview":"max-image-preview:large","max-video-preview":"max-video-preview:-1"},"canonical":"https:\/\/neuroforma.com.br\/novo\/iniciativa-quer-aumentar-visibilidade-de-pesquisas-latino-americanas-sobre-cerebro\/","og_locale":"pt_BR","og_type":"article","og_title":"Iniciativa quer aumentar visibilidade de pesquisas latino-americanas sobre c\u00e9rebro -","og_description":"Neurocientistas querem compartilhar resultados e experi\u00eancias entre melhores centros de pesquisa do mundo Pesquisas sobre o entendimento do c\u00e9rebro, realizadas em pa\u00edses da Am\u00e9rica Latina e Caribe, v\u00e3o ganhar mais visibilidade e inser\u00e7\u00e3o mundial com a cria\u00e7\u00e3o da Iniciativa Latino-Americana do C\u00e9rebro. A ideia \u00e9 combinar esfor\u00e7os e recursos para que os estudiosos da neuroci\u00eancia &hellip; Continue lendo Iniciativa quer aumentar visibilidade de pesquisas latino-americanas sobre c\u00e9rebro &rarr;","og_url":"https:\/\/neuroforma.com.br\/novo\/iniciativa-quer-aumentar-visibilidade-de-pesquisas-latino-americanas-sobre-cerebro\/","article_published_time":"2019-12-12T17:05:07+00:00","article_modified_time":"2019-12-12T17:06:29+00:00","og_image":[{"width":622,"height":346,"url":"https:\/\/neuroforma.com.br\/novo\/wp-content\/uploads\/2019\/12\/post_blog.png","type":"image\/png"}],"author":"admin","twitter_misc":{"Escrito por":"admin","Est. tempo de leitura":"2 minutos"},"schema":{"@context":"https:\/\/schema.org","@graph":[{"@type":"Article","@id":"https:\/\/neuroforma.com.br\/novo\/iniciativa-quer-aumentar-visibilidade-de-pesquisas-latino-americanas-sobre-cerebro\/#article","isPartOf":{"@id":"https:\/\/neuroforma.com.br\/novo\/iniciativa-quer-aumentar-visibilidade-de-pesquisas-latino-americanas-sobre-cerebro\/"},"author":{"name":"admin","@id":"https:\/\/neuroforma.com.br\/novo\/#\/schema\/person\/12d211761dd8050314f7756a31961c56"},"headline":"Iniciativa quer aumentar visibilidade de pesquisas latino-americanas sobre c\u00e9rebro","datePublished":"2019-12-12T17:05:07+00:00","dateModified":"2019-12-12T17:06:29+00:00","mainEntityOfPage":{"@id":"https:\/\/neuroforma.com.br\/novo\/iniciativa-quer-aumentar-visibilidade-de-pesquisas-latino-americanas-sobre-cerebro\/"},"wordCount":312,"image":{"@id":"https:\/\/neuroforma.com.br\/novo\/iniciativa-quer-aumentar-visibilidade-de-pesquisas-latino-americanas-sobre-cerebro\/#primaryimage"},"thumbnailUrl":"https:\/\/neuroforma.com.br\/novo\/wp-content\/uploads\/2019\/12\/post_blog.png","articleSection":["Uncategorized"],"inLanguage":"pt-BR"},{"@type":"WebPage","@id":"https:\/\/neuroforma.com.br\/novo\/iniciativa-quer-aumentar-visibilidade-de-pesquisas-latino-americanas-sobre-cerebro\/","url":"https:\/\/neuroforma.com.br\/novo\/iniciativa-quer-aumentar-visibilidade-de-pesquisas-latino-americanas-sobre-cerebro\/","name":"Iniciativa quer aumentar visibilidade de pesquisas latino-americanas sobre c\u00e9rebro -","isPartOf":{"@id":"https:\/\/neuroforma.com.br\/novo\/#website"},"primaryImageOfPage":{"@id":"https:\/\/neuroforma.com.br\/novo\/iniciativa-quer-aumentar-visibilidade-de-pesquisas-latino-americanas-sobre-cerebro\/#primaryimage"},"image":{"@id":"https:\/\/neuroforma.com.br\/novo\/iniciativa-quer-aumentar-visibilidade-de-pesquisas-latino-americanas-sobre-cerebro\/#primaryimage"},"thumbnailUrl":"https:\/\/neuroforma.com.br\/novo\/wp-content\/uploads\/2019\/12\/post_blog.png","datePublished":"2019-12-12T17:05:07+00:00","dateModified":"2019-12-12T17:06:29+00:00","author":{"@id":"https:\/\/neuroforma.com.br\/novo\/#\/schema\/person\/12d211761dd8050314f7756a31961c56"},"breadcrumb":{"@id":"https:\/\/neuroforma.com.br\/novo\/iniciativa-quer-aumentar-visibilidade-de-pesquisas-latino-americanas-sobre-cerebro\/#breadcrumb"},"inLanguage":"pt-BR","potentialAction":[{"@type":"ReadAction","target":["https:\/\/neuroforma.com.br\/novo\/iniciativa-quer-aumentar-visibilidade-de-pesquisas-latino-americanas-sobre-cerebro\/"]}]},{"@type":"ImageObject","inLanguage":"pt-BR","@id":"https:\/\/neuroforma.com.br\/novo\/iniciativa-quer-aumentar-visibilidade-de-pesquisas-latino-americanas-sobre-cerebro\/#primaryimage","url":"https:\/\/neuroforma.com.br\/novo\/wp-content\/uploads\/2019\/12\/post_blog.png","contentUrl":"https:\/\/neuroforma.com.br\/novo\/wp-content\/uploads\/2019\/12\/post_blog.png","width":622,"height":346},{"@type":"BreadcrumbList","@id":"https:\/\/neuroforma.com.br\/novo\/iniciativa-quer-aumentar-visibilidade-de-pesquisas-latino-americanas-sobre-cerebro\/#breadcrumb","itemListElement":[{"@type":"ListItem","position":1,"name":"Home","item":"https:\/\/neuroforma.com.br\/novo\/"},{"@type":"ListItem","position":2,"name":"Iniciativa quer aumentar visibilidade de pesquisas latino-americanas sobre c\u00e9rebro"}]},{"@type":"WebSite","@id":"https:\/\/neuroforma.com.br\/novo\/#website","url":"https:\/\/neuroforma.com.br\/novo\/","name":"","description":"","potentialAction":[{"@type":"SearchAction","target":{"@type":"EntryPoint","urlTemplate":"https:\/\/neuroforma.com.br\/novo\/?s={search_term_string}"},"query-input":{"@type":"PropertyValueSpecification","valueRequired":true,"valueName":"search_term_string"}}],"inLanguage":"pt-BR"},{"@type":"Person","@id":"https:\/\/neuroforma.com.br\/novo\/#\/schema\/person\/12d211761dd8050314f7756a31961c56","name":"admin","image":{"@type":"ImageObject","inLanguage":"pt-BR","@id":"https:\/\/neuroforma.com.br\/novo\/#\/schema\/person\/image\/","url":"https:\/\/secure.gravatar.com\/avatar\/78c99431103c8eac07c3e394450e82f604cfb9126e1520128d5a7033920b57e5?s=96&d=mm&r=g","contentUrl":"https:\/\/secure.gravatar.com\/avatar\/78c99431103c8eac07c3e394450e82f604cfb9126e1520128d5a7033920b57e5?s=96&d=mm&r=g","caption":"admin"},"url":"https:\/\/neuroforma.com.br\/novo\/author\/admin\/"}]}},"_links":{"self":[{"href":"https:\/\/neuroforma.com.br\/novo\/wp-json\/wp\/v2\/posts\/5266","targetHints":{"allow":["GET"]}}],"collection":[{"href":"https:\/\/neuroforma.com.br\/novo\/wp-json\/wp\/v2\/posts"}],"about":[{"href":"https:\/\/neuroforma.com.br\/novo\/wp-json\/wp\/v2\/types\/post"}],"author":[{"embeddable":true,"href":"https:\/\/neuroforma.com.br\/novo\/wp-json\/wp\/v2\/users\/1"}],"replies":[{"embeddable":true,"href":"https:\/\/neuroforma.com.br\/novo\/wp-json\/wp\/v2\/comments?post=5266"}],"version-history":[{"count":3,"href":"https:\/\/neuroforma.com.br\/novo\/wp-json\/wp\/v2\/posts\/5266\/revisions"}],"predecessor-version":[{"id":5270,"href":"https:\/\/neuroforma.com.br\/novo\/wp-json\/wp\/v2\/posts\/5266\/revisions\/5270"}],"wp:featuredmedia":[{"embeddable":true,"href":"https:\/\/neuroforma.com.br\/novo\/wp-json\/wp\/v2\/media\/5267"}],"wp:attachment":[{"href":"https:\/\/neuroforma.com.br\/novo\/wp-json\/wp\/v2\/media?parent=5266"}],"wp:term":[{"taxonomy":"category","embeddable":true,"href":"https:\/\/neuroforma.com.br\/novo\/wp-json\/wp\/v2\/categories?post=5266"},{"taxonomy":"post_tag","embeddable":true,"href":"https:\/\/neuroforma.com.br\/novo\/wp-json\/wp\/v2\/tags?post=5266"}],"curies":[{"name":"wp","href":"https:\/\/api.w.org\/{rel}","templated":true}]}}