{"id":5259,"date":"2019-12-04T01:12:19","date_gmt":"2019-12-04T01:12:19","guid":{"rendered":"https:\/\/neuroforma.com.br\/novo\/?p=5259"},"modified":"2019-12-04T01:12:19","modified_gmt":"2019-12-04T01:12:19","slug":"alzheimer-historia-da-musica-feita-por-neto-para-idoso-com-doenca-que-viralizou-nas-redes-sociais","status":"publish","type":"post","link":"https:\/\/neuroforma.com.br\/novo\/alzheimer-historia-da-musica-feita-por-neto-para-idoso-com-doenca-que-viralizou-nas-redes-sociais\/","title":{"rendered":"Alzheimer: a hist\u00f3ria da m\u00fasica feita por neto para idoso com a doen\u00e7a que viralizou nas redes sociais"},"content":{"rendered":"<p><img loading=\"lazy\" decoding=\"async\" src=\"https:\/\/neuroforma.com.br\/novo\/wp-content\/uploads\/2019\/12\/neuro.png\" alt=\"neuro\" width=\"622\" height=\"346\" class=\"alignleft size-full wp-image-5260\" srcset=\"https:\/\/neuroforma.com.br\/novo\/wp-content\/uploads\/2019\/12\/neuro.png 622w, https:\/\/neuroforma.com.br\/novo\/wp-content\/uploads\/2019\/12\/neuro-300x167.png 300w\" sizes=\"auto, (max-width: 622px) 100vw, 622px\" \/><\/p>\n<p>O v\u00eddeo do jovem com o av\u00f4 viralizou nas redes sociais e tem, em menos de 24 horas, mais de 2 milh\u00f5es de visualiza\u00e7\u00f5es. O artista revela ter ficado surpreso com a repercuss\u00e3o. &#8220;N\u00e3o esperava que fosse fazer tanto sucesso. Publiquei sem pretens\u00e3o, apenas porque queria compartilhar essa descoberta sobre o meu av\u00f4.&#8221;<\/p>\n<p><img loading=\"lazy\" decoding=\"async\" src=\"https:\/\/neuroforma.com.br\/novo\/wp-content\/uploads\/2019\/12\/foto_1.jpg\" alt=\"foto_1\" width=\"600\" height=\"400\" class=\"alignleft size-full wp-image-5261\" srcset=\"https:\/\/neuroforma.com.br\/novo\/wp-content\/uploads\/2019\/12\/foto_1.jpg 600w, https:\/\/neuroforma.com.br\/novo\/wp-content\/uploads\/2019\/12\/foto_1-300x200.jpg 300w\" sizes=\"auto, (max-width: 600px) 100vw, 600px\" \/><\/p>\n<p>No quarto de sua casa, o m\u00fasico Lucas Laypold, de 20 anos, entoa a can\u00e7\u00e3o que fez para homenagear o av\u00f4.<\/p>\n<p>No v\u00eddeo publicado nas redes sociais e que viralizou nas \u00faltimas horas, o artista tem a companhia do idoso, que mesmo com a doen\u00e7a de Alzheimer se recorda dos versos escritos pelo neto.<\/p>\n<p>Na letra da m\u00fasica, Lucas fala sobre o esquecimento progressivo enfrentado pelo av\u00f4 nos \u00faltimos anos. &#8220;V\u00ea se n\u00e3o me esquece mais. Eu estava lembrando de lembrar voc\u00ea de acordar s\u00f3 quando o dia amanhecer. V\u00ea se n\u00e3o esquece mais. Estou cantando s\u00f3 para te dizer que eu te amo e que a tristeza eu n\u00e3o sei cad\u00ea&#8221;, diz a can\u00e7\u00e3o.<\/p>\n<p>O trecho foi escrito pelo jovem que tem visto as dificuldades do av\u00f4 aumentarem com o tempo, em raz\u00e3o da doen\u00e7a. &#8220;Ele tem se esquecido de parentes mais distantes. Os mais pr\u00f3ximos, ele confunde \u00e0s vezes. Ele tamb\u00e9m tem se esquecido de v\u00e1rias outras coisas, como os nomes de comidas que gostava muito.&#8221;<\/p>\n<p>Lucas relata que as m\u00fasicas est\u00e3o entre as maiores paix\u00f5es do av\u00f4. Em raz\u00e3o disso, todos os dias entoa can\u00e7\u00f5es com o viol\u00e3o para o idoso, que o jovem apelidou de &#8220;V\u00f4 Cabelo&#8221;. H\u00e1 um m\u00eas, escreveu os versos que falam sobre a doen\u00e7a.<\/p>\n<p>&#8220;Comecei a cantar essa m\u00fasica que fiz pra ele todos os dias, junto com as m\u00fasicas antigas que ele j\u00e1 conhecia&#8221;, relata o m\u00fasico.<\/p>\n<p>Na noite de quarta-feira (27), o jovem revela ter ficado surpreso ao ouvir o idoso cantarolando a m\u00fasica feita em sua homenagem. &#8220;Eu estava saindo do meu quarto e escutei ele cantando. Fiquei surpreso, porque n\u00e3o sabia que ele se lembrava da m\u00fasica. Fui falar com ele, cantamos mais algumas vezes e pedi para ele ir ao meu quarto, para a gente gravar um v\u00eddeo.&#8221;<\/p>\n<p>O v\u00eddeo do jovem com o av\u00f4 viralizou nas redes sociais e tem, em menos de 24 horas, mais de 2 milh\u00f5es de visualiza\u00e7\u00f5es. O artista revela ter ficado surpreso com a repercuss\u00e3o. &#8220;N\u00e3o esperava que fosse fazer tanto sucesso. Publiquei sem pretens\u00e3o, apenas porque queria compartilhar essa descoberta sobre o meu av\u00f4.&#8221;<\/p>\n<p>&#8220;N\u00e3o era uma m\u00fasica de trabalho ou algo assim. Era algo pessoal, para homenagear o meu av\u00f4&#8221;, conta o artista, que h\u00e1 um ano trancou a faculdade de Publicidade e Propaganda para ir atr\u00e1s do sonho de viver da m\u00fasica.<\/p>\n<p><img loading=\"lazy\" decoding=\"async\" src=\"https:\/\/neuroforma.com.br\/novo\/wp-content\/uploads\/2019\/12\/foto_2.jpg\" alt=\"foto_2\" width=\"600\" height=\"400\" class=\"alignleft size-full wp-image-5262\" srcset=\"https:\/\/neuroforma.com.br\/novo\/wp-content\/uploads\/2019\/12\/foto_2.jpg 600w, https:\/\/neuroforma.com.br\/novo\/wp-content\/uploads\/2019\/12\/foto_2-300x200.jpg 300w\" sizes=\"auto, (max-width: 600px) 100vw, 600px\" \/><\/p>\n<p><strong>O Alzheimer e a m\u00fasica<\/strong><\/p>\n<p>Lucas mora com os av\u00f3s em Porto Alegre (RS) e conta que ele e o V\u00f4 Cabelo s\u00e3o muito pr\u00f3ximos. &#8220;Estamos juntos todos os dias. Sempre ajudo no que ele precisa. Meu av\u00f4 sempre me incentivou muito&#8221;, diz o artista.<\/p>\n<p>Ele relembra que foi o respons\u00e1vel por descobrir o Alzheimer do idoso. &#8220;Isso foi em 2015 ou 2016. Est\u00e1vamos passando de carro, voltando para casa, quando ele n\u00e3o parou em um cruzamento que sempre parava para voltar para casa. Eu falei para ele que deveria ter parado ali, mas ele n\u00e3o percebeu e n\u00e3o entendeu. Ali, percebi que tinha algum problema.&#8221;<\/p>\n<p>Dias depois, segundo o jovem, a fam\u00edlia levou o idoso ao m\u00e9dico e ele recebeu o diagn\u00f3stico do Alzheimer. &#8220;Desde ent\u00e3o, a situa\u00e7\u00e3o foi piorando&#8221;, lamenta o artista.<\/p>\n<p>O Alzheimer \u00e9 o tipo mais comum de dem\u00eancia que existe no mundo. Conforme estudos sobre o tema, estima-se que 5% da popula\u00e7\u00e3o acima dos 65 anos possam desenvolver a doen\u00e7a. Ap\u00f3s os 80 anos, a estimativa sobe para 30%.<\/p>\n<p>As causas da doen\u00e7a n\u00e3o s\u00e3o completamente conhecidas. Os tratamentos dispon\u00edveis ajudam a aliviar os sintomas, mas n\u00e3o impedem a evolu\u00e7\u00e3o do Alzheimer.<\/p>\n<p>Apesar das dificuldades do idoso, o jovem conta que tem tentado melhorar a vida dele nesse per\u00edodo. &#8220;A m\u00fasica \u00e9 uma forma de deix\u00e1-lo bem&#8221;, comenta Lucas.<\/p>\n<p>Estudos apontam que a m\u00fasica \u00e9 uma das formas para ajudar a conservar mem\u00f3rias de pessoas com Alzheimer, pois a mem\u00f3ria musical \u00e9 uma das \u00faltimas \u00e1reas afetadas pelo c\u00e9rebro.<\/p>\n<p>Segundo especialistas, as can\u00e7\u00f5es ficam armazenadas em lugares diferentes daqueles associados a emo\u00e7\u00f5es, conhecimentos e experi\u00eancias pessoais \u2014 que costumam ser os primeiros afetados pelo Alzheimer.<\/p>\n<p>Especialistas aconselham que pessoas com Alzheimer escutem m\u00fasicas ou fa\u00e7am atividades que lhe tragam prazer. Esta \u00e9 uma das maneiras para lidar melhor com a progress\u00e3o da doen\u00e7a, apesar de n\u00e3o evitar que ela piore.<\/p>\n<p>Em meio \u00e0 tristeza pela doen\u00e7a do av\u00f4, Lucas ficou feliz em ver que o idoso foi fundamental para que o neto conseguisse repercuss\u00e3o na internet.<\/p>\n<p>&#8220;N\u00e3o tenho d\u00favidas de que aquele v\u00eddeo s\u00f3 fez sucesso por causa da presen\u00e7a dele. N\u00e3o era algo que eu planejava, mas isso me ajudou a aumentar meus seguidores nas redes sociais&#8221;, revela o rapaz.<\/p>\n","protected":false},"excerpt":{"rendered":"<p>O v\u00eddeo do jovem com o av\u00f4 viralizou nas redes sociais e tem, em menos de 24 horas, mais de 2 milh\u00f5es de visualiza\u00e7\u00f5es. O artista revela ter ficado surpreso com a repercuss\u00e3o. &#8220;N\u00e3o esperava que fosse fazer tanto sucesso. Publiquei sem pretens\u00e3o, apenas porque queria compartilhar essa descoberta sobre o meu av\u00f4.&#8221; No quarto &hellip; <a href=\"https:\/\/neuroforma.com.br\/novo\/alzheimer-historia-da-musica-feita-por-neto-para-idoso-com-doenca-que-viralizou-nas-redes-sociais\/\" class=\"more-link\">Continue lendo <span class=\"screen-reader-text\">Alzheimer: a hist\u00f3ria da m\u00fasica feita por neto para idoso com a doen\u00e7a que viralizou nas redes sociais<\/span> <span class=\"meta-nav\">&rarr;<\/span><\/a><\/p>\n","protected":false},"author":1,"featured_media":5260,"comment_status":"closed","ping_status":"closed","sticky":false,"template":"","format":"standard","meta":{"footnotes":""},"categories":[1],"tags":[],"class_list":["post-5259","post","type-post","status-publish","format-standard","has-post-thumbnail","hentry","category-uncategorized","repupress_customize_woocommerce_productom_class"],"yoast_head":"<!-- This site is optimized with the Yoast SEO plugin v26.9 - https:\/\/yoast.com\/product\/yoast-seo-wordpress\/ -->\n<title>Alzheimer: a hist\u00f3ria da m\u00fasica feita por neto para idoso com a doen\u00e7a que viralizou nas redes sociais -<\/title>\n<meta name=\"robots\" content=\"index, follow, max-snippet:-1, max-image-preview:large, max-video-preview:-1\" \/>\n<link rel=\"canonical\" href=\"https:\/\/neuroforma.com.br\/novo\/alzheimer-historia-da-musica-feita-por-neto-para-idoso-com-doenca-que-viralizou-nas-redes-sociais\/\" \/>\n<meta property=\"og:locale\" content=\"pt_BR\" \/>\n<meta property=\"og:type\" content=\"article\" \/>\n<meta property=\"og:title\" content=\"Alzheimer: a hist\u00f3ria da m\u00fasica feita por neto para idoso com a doen\u00e7a que viralizou nas redes sociais -\" \/>\n<meta property=\"og:description\" content=\"O v\u00eddeo do jovem com o av\u00f4 viralizou nas redes sociais e tem, em menos de 24 horas, mais de 2 milh\u00f5es de visualiza\u00e7\u00f5es. O artista revela ter ficado surpreso com a repercuss\u00e3o. &#8220;N\u00e3o esperava que fosse fazer tanto sucesso. Publiquei sem pretens\u00e3o, apenas porque queria compartilhar essa descoberta sobre o meu av\u00f4.&#8221; No quarto &hellip; Continue lendo Alzheimer: a hist\u00f3ria da m\u00fasica feita por neto para idoso com a doen\u00e7a que viralizou nas redes sociais &rarr;\" \/>\n<meta property=\"og:url\" content=\"https:\/\/neuroforma.com.br\/novo\/alzheimer-historia-da-musica-feita-por-neto-para-idoso-com-doenca-que-viralizou-nas-redes-sociais\/\" \/>\n<meta property=\"article:published_time\" content=\"2019-12-04T01:12:19+00:00\" \/>\n<meta property=\"og:image\" content=\"https:\/\/neuroforma.com.br\/novo\/wp-content\/uploads\/2019\/12\/neuro.png\" \/>\n\t<meta property=\"og:image:width\" content=\"622\" \/>\n\t<meta property=\"og:image:height\" content=\"346\" \/>\n\t<meta property=\"og:image:type\" content=\"image\/png\" \/>\n<meta name=\"author\" content=\"admin\" \/>\n<meta name=\"twitter:label1\" content=\"Escrito por\" \/>\n\t<meta name=\"twitter:data1\" content=\"admin\" \/>\n\t<meta name=\"twitter:label2\" content=\"Est. tempo de leitura\" \/>\n\t<meta name=\"twitter:data2\" content=\"4 minutos\" \/>\n<script type=\"application\/ld+json\" class=\"yoast-schema-graph\">{\"@context\":\"https:\/\/schema.org\",\"@graph\":[{\"@type\":\"Article\",\"@id\":\"https:\/\/neuroforma.com.br\/novo\/alzheimer-historia-da-musica-feita-por-neto-para-idoso-com-doenca-que-viralizou-nas-redes-sociais\/#article\",\"isPartOf\":{\"@id\":\"https:\/\/neuroforma.com.br\/novo\/alzheimer-historia-da-musica-feita-por-neto-para-idoso-com-doenca-que-viralizou-nas-redes-sociais\/\"},\"author\":{\"name\":\"admin\",\"@id\":\"https:\/\/neuroforma.com.br\/novo\/#\/schema\/person\/12d211761dd8050314f7756a31961c56\"},\"headline\":\"Alzheimer: a hist\u00f3ria da m\u00fasica feita por neto para idoso com a doen\u00e7a que viralizou nas redes sociais\",\"datePublished\":\"2019-12-04T01:12:19+00:00\",\"mainEntityOfPage\":{\"@id\":\"https:\/\/neuroforma.com.br\/novo\/alzheimer-historia-da-musica-feita-por-neto-para-idoso-com-doenca-que-viralizou-nas-redes-sociais\/\"},\"wordCount\":916,\"image\":{\"@id\":\"https:\/\/neuroforma.com.br\/novo\/alzheimer-historia-da-musica-feita-por-neto-para-idoso-com-doenca-que-viralizou-nas-redes-sociais\/#primaryimage\"},\"thumbnailUrl\":\"https:\/\/neuroforma.com.br\/novo\/wp-content\/uploads\/2019\/12\/neuro.png\",\"articleSection\":[\"Uncategorized\"],\"inLanguage\":\"pt-BR\"},{\"@type\":\"WebPage\",\"@id\":\"https:\/\/neuroforma.com.br\/novo\/alzheimer-historia-da-musica-feita-por-neto-para-idoso-com-doenca-que-viralizou-nas-redes-sociais\/\",\"url\":\"https:\/\/neuroforma.com.br\/novo\/alzheimer-historia-da-musica-feita-por-neto-para-idoso-com-doenca-que-viralizou-nas-redes-sociais\/\",\"name\":\"Alzheimer: a hist\u00f3ria da m\u00fasica feita por neto para idoso com a doen\u00e7a que viralizou nas redes sociais -\",\"isPartOf\":{\"@id\":\"https:\/\/neuroforma.com.br\/novo\/#website\"},\"primaryImageOfPage\":{\"@id\":\"https:\/\/neuroforma.com.br\/novo\/alzheimer-historia-da-musica-feita-por-neto-para-idoso-com-doenca-que-viralizou-nas-redes-sociais\/#primaryimage\"},\"image\":{\"@id\":\"https:\/\/neuroforma.com.br\/novo\/alzheimer-historia-da-musica-feita-por-neto-para-idoso-com-doenca-que-viralizou-nas-redes-sociais\/#primaryimage\"},\"thumbnailUrl\":\"https:\/\/neuroforma.com.br\/novo\/wp-content\/uploads\/2019\/12\/neuro.png\",\"datePublished\":\"2019-12-04T01:12:19+00:00\",\"author\":{\"@id\":\"https:\/\/neuroforma.com.br\/novo\/#\/schema\/person\/12d211761dd8050314f7756a31961c56\"},\"breadcrumb\":{\"@id\":\"https:\/\/neuroforma.com.br\/novo\/alzheimer-historia-da-musica-feita-por-neto-para-idoso-com-doenca-que-viralizou-nas-redes-sociais\/#breadcrumb\"},\"inLanguage\":\"pt-BR\",\"potentialAction\":[{\"@type\":\"ReadAction\",\"target\":[\"https:\/\/neuroforma.com.br\/novo\/alzheimer-historia-da-musica-feita-por-neto-para-idoso-com-doenca-que-viralizou-nas-redes-sociais\/\"]}]},{\"@type\":\"ImageObject\",\"inLanguage\":\"pt-BR\",\"@id\":\"https:\/\/neuroforma.com.br\/novo\/alzheimer-historia-da-musica-feita-por-neto-para-idoso-com-doenca-que-viralizou-nas-redes-sociais\/#primaryimage\",\"url\":\"https:\/\/neuroforma.com.br\/novo\/wp-content\/uploads\/2019\/12\/neuro.png\",\"contentUrl\":\"https:\/\/neuroforma.com.br\/novo\/wp-content\/uploads\/2019\/12\/neuro.png\",\"width\":622,\"height\":346},{\"@type\":\"BreadcrumbList\",\"@id\":\"https:\/\/neuroforma.com.br\/novo\/alzheimer-historia-da-musica-feita-por-neto-para-idoso-com-doenca-que-viralizou-nas-redes-sociais\/#breadcrumb\",\"itemListElement\":[{\"@type\":\"ListItem\",\"position\":1,\"name\":\"Home\",\"item\":\"https:\/\/neuroforma.com.br\/novo\/\"},{\"@type\":\"ListItem\",\"position\":2,\"name\":\"Alzheimer: a hist\u00f3ria da m\u00fasica feita por neto para idoso com a doen\u00e7a que viralizou nas redes sociais\"}]},{\"@type\":\"WebSite\",\"@id\":\"https:\/\/neuroforma.com.br\/novo\/#website\",\"url\":\"https:\/\/neuroforma.com.br\/novo\/\",\"name\":\"\",\"description\":\"\",\"potentialAction\":[{\"@type\":\"SearchAction\",\"target\":{\"@type\":\"EntryPoint\",\"urlTemplate\":\"https:\/\/neuroforma.com.br\/novo\/?s={search_term_string}\"},\"query-input\":{\"@type\":\"PropertyValueSpecification\",\"valueRequired\":true,\"valueName\":\"search_term_string\"}}],\"inLanguage\":\"pt-BR\"},{\"@type\":\"Person\",\"@id\":\"https:\/\/neuroforma.com.br\/novo\/#\/schema\/person\/12d211761dd8050314f7756a31961c56\",\"name\":\"admin\",\"image\":{\"@type\":\"ImageObject\",\"inLanguage\":\"pt-BR\",\"@id\":\"https:\/\/neuroforma.com.br\/novo\/#\/schema\/person\/image\/\",\"url\":\"https:\/\/secure.gravatar.com\/avatar\/78c99431103c8eac07c3e394450e82f604cfb9126e1520128d5a7033920b57e5?s=96&d=mm&r=g\",\"contentUrl\":\"https:\/\/secure.gravatar.com\/avatar\/78c99431103c8eac07c3e394450e82f604cfb9126e1520128d5a7033920b57e5?s=96&d=mm&r=g\",\"caption\":\"admin\"},\"url\":\"https:\/\/neuroforma.com.br\/novo\/author\/admin\/\"}]}<\/script>\n<!-- \/ Yoast SEO plugin. -->","yoast_head_json":{"title":"Alzheimer: a hist\u00f3ria da m\u00fasica feita por neto para idoso com a doen\u00e7a que viralizou nas redes sociais -","robots":{"index":"index","follow":"follow","max-snippet":"max-snippet:-1","max-image-preview":"max-image-preview:large","max-video-preview":"max-video-preview:-1"},"canonical":"https:\/\/neuroforma.com.br\/novo\/alzheimer-historia-da-musica-feita-por-neto-para-idoso-com-doenca-que-viralizou-nas-redes-sociais\/","og_locale":"pt_BR","og_type":"article","og_title":"Alzheimer: a hist\u00f3ria da m\u00fasica feita por neto para idoso com a doen\u00e7a que viralizou nas redes sociais -","og_description":"O v\u00eddeo do jovem com o av\u00f4 viralizou nas redes sociais e tem, em menos de 24 horas, mais de 2 milh\u00f5es de visualiza\u00e7\u00f5es. O artista revela ter ficado surpreso com a repercuss\u00e3o. &#8220;N\u00e3o esperava que fosse fazer tanto sucesso. Publiquei sem pretens\u00e3o, apenas porque queria compartilhar essa descoberta sobre o meu av\u00f4.&#8221; No quarto &hellip; Continue lendo Alzheimer: a hist\u00f3ria da m\u00fasica feita por neto para idoso com a doen\u00e7a que viralizou nas redes sociais &rarr;","og_url":"https:\/\/neuroforma.com.br\/novo\/alzheimer-historia-da-musica-feita-por-neto-para-idoso-com-doenca-que-viralizou-nas-redes-sociais\/","article_published_time":"2019-12-04T01:12:19+00:00","og_image":[{"width":622,"height":346,"url":"https:\/\/neuroforma.com.br\/novo\/wp-content\/uploads\/2019\/12\/neuro.png","type":"image\/png"}],"author":"admin","twitter_misc":{"Escrito por":"admin","Est. tempo de leitura":"4 minutos"},"schema":{"@context":"https:\/\/schema.org","@graph":[{"@type":"Article","@id":"https:\/\/neuroforma.com.br\/novo\/alzheimer-historia-da-musica-feita-por-neto-para-idoso-com-doenca-que-viralizou-nas-redes-sociais\/#article","isPartOf":{"@id":"https:\/\/neuroforma.com.br\/novo\/alzheimer-historia-da-musica-feita-por-neto-para-idoso-com-doenca-que-viralizou-nas-redes-sociais\/"},"author":{"name":"admin","@id":"https:\/\/neuroforma.com.br\/novo\/#\/schema\/person\/12d211761dd8050314f7756a31961c56"},"headline":"Alzheimer: a hist\u00f3ria da m\u00fasica feita por neto para idoso com a doen\u00e7a que viralizou nas redes sociais","datePublished":"2019-12-04T01:12:19+00:00","mainEntityOfPage":{"@id":"https:\/\/neuroforma.com.br\/novo\/alzheimer-historia-da-musica-feita-por-neto-para-idoso-com-doenca-que-viralizou-nas-redes-sociais\/"},"wordCount":916,"image":{"@id":"https:\/\/neuroforma.com.br\/novo\/alzheimer-historia-da-musica-feita-por-neto-para-idoso-com-doenca-que-viralizou-nas-redes-sociais\/#primaryimage"},"thumbnailUrl":"https:\/\/neuroforma.com.br\/novo\/wp-content\/uploads\/2019\/12\/neuro.png","articleSection":["Uncategorized"],"inLanguage":"pt-BR"},{"@type":"WebPage","@id":"https:\/\/neuroforma.com.br\/novo\/alzheimer-historia-da-musica-feita-por-neto-para-idoso-com-doenca-que-viralizou-nas-redes-sociais\/","url":"https:\/\/neuroforma.com.br\/novo\/alzheimer-historia-da-musica-feita-por-neto-para-idoso-com-doenca-que-viralizou-nas-redes-sociais\/","name":"Alzheimer: a hist\u00f3ria da m\u00fasica feita por neto para idoso com a doen\u00e7a que viralizou nas redes sociais -","isPartOf":{"@id":"https:\/\/neuroforma.com.br\/novo\/#website"},"primaryImageOfPage":{"@id":"https:\/\/neuroforma.com.br\/novo\/alzheimer-historia-da-musica-feita-por-neto-para-idoso-com-doenca-que-viralizou-nas-redes-sociais\/#primaryimage"},"image":{"@id":"https:\/\/neuroforma.com.br\/novo\/alzheimer-historia-da-musica-feita-por-neto-para-idoso-com-doenca-que-viralizou-nas-redes-sociais\/#primaryimage"},"thumbnailUrl":"https:\/\/neuroforma.com.br\/novo\/wp-content\/uploads\/2019\/12\/neuro.png","datePublished":"2019-12-04T01:12:19+00:00","author":{"@id":"https:\/\/neuroforma.com.br\/novo\/#\/schema\/person\/12d211761dd8050314f7756a31961c56"},"breadcrumb":{"@id":"https:\/\/neuroforma.com.br\/novo\/alzheimer-historia-da-musica-feita-por-neto-para-idoso-com-doenca-que-viralizou-nas-redes-sociais\/#breadcrumb"},"inLanguage":"pt-BR","potentialAction":[{"@type":"ReadAction","target":["https:\/\/neuroforma.com.br\/novo\/alzheimer-historia-da-musica-feita-por-neto-para-idoso-com-doenca-que-viralizou-nas-redes-sociais\/"]}]},{"@type":"ImageObject","inLanguage":"pt-BR","@id":"https:\/\/neuroforma.com.br\/novo\/alzheimer-historia-da-musica-feita-por-neto-para-idoso-com-doenca-que-viralizou-nas-redes-sociais\/#primaryimage","url":"https:\/\/neuroforma.com.br\/novo\/wp-content\/uploads\/2019\/12\/neuro.png","contentUrl":"https:\/\/neuroforma.com.br\/novo\/wp-content\/uploads\/2019\/12\/neuro.png","width":622,"height":346},{"@type":"BreadcrumbList","@id":"https:\/\/neuroforma.com.br\/novo\/alzheimer-historia-da-musica-feita-por-neto-para-idoso-com-doenca-que-viralizou-nas-redes-sociais\/#breadcrumb","itemListElement":[{"@type":"ListItem","position":1,"name":"Home","item":"https:\/\/neuroforma.com.br\/novo\/"},{"@type":"ListItem","position":2,"name":"Alzheimer: a hist\u00f3ria da m\u00fasica feita por neto para idoso com a doen\u00e7a que viralizou nas redes sociais"}]},{"@type":"WebSite","@id":"https:\/\/neuroforma.com.br\/novo\/#website","url":"https:\/\/neuroforma.com.br\/novo\/","name":"","description":"","potentialAction":[{"@type":"SearchAction","target":{"@type":"EntryPoint","urlTemplate":"https:\/\/neuroforma.com.br\/novo\/?s={search_term_string}"},"query-input":{"@type":"PropertyValueSpecification","valueRequired":true,"valueName":"search_term_string"}}],"inLanguage":"pt-BR"},{"@type":"Person","@id":"https:\/\/neuroforma.com.br\/novo\/#\/schema\/person\/12d211761dd8050314f7756a31961c56","name":"admin","image":{"@type":"ImageObject","inLanguage":"pt-BR","@id":"https:\/\/neuroforma.com.br\/novo\/#\/schema\/person\/image\/","url":"https:\/\/secure.gravatar.com\/avatar\/78c99431103c8eac07c3e394450e82f604cfb9126e1520128d5a7033920b57e5?s=96&d=mm&r=g","contentUrl":"https:\/\/secure.gravatar.com\/avatar\/78c99431103c8eac07c3e394450e82f604cfb9126e1520128d5a7033920b57e5?s=96&d=mm&r=g","caption":"admin"},"url":"https:\/\/neuroforma.com.br\/novo\/author\/admin\/"}]}},"_links":{"self":[{"href":"https:\/\/neuroforma.com.br\/novo\/wp-json\/wp\/v2\/posts\/5259","targetHints":{"allow":["GET"]}}],"collection":[{"href":"https:\/\/neuroforma.com.br\/novo\/wp-json\/wp\/v2\/posts"}],"about":[{"href":"https:\/\/neuroforma.com.br\/novo\/wp-json\/wp\/v2\/types\/post"}],"author":[{"embeddable":true,"href":"https:\/\/neuroforma.com.br\/novo\/wp-json\/wp\/v2\/users\/1"}],"replies":[{"embeddable":true,"href":"https:\/\/neuroforma.com.br\/novo\/wp-json\/wp\/v2\/comments?post=5259"}],"version-history":[{"count":1,"href":"https:\/\/neuroforma.com.br\/novo\/wp-json\/wp\/v2\/posts\/5259\/revisions"}],"predecessor-version":[{"id":5263,"href":"https:\/\/neuroforma.com.br\/novo\/wp-json\/wp\/v2\/posts\/5259\/revisions\/5263"}],"wp:featuredmedia":[{"embeddable":true,"href":"https:\/\/neuroforma.com.br\/novo\/wp-json\/wp\/v2\/media\/5260"}],"wp:attachment":[{"href":"https:\/\/neuroforma.com.br\/novo\/wp-json\/wp\/v2\/media?parent=5259"}],"wp:term":[{"taxonomy":"category","embeddable":true,"href":"https:\/\/neuroforma.com.br\/novo\/wp-json\/wp\/v2\/categories?post=5259"},{"taxonomy":"post_tag","embeddable":true,"href":"https:\/\/neuroforma.com.br\/novo\/wp-json\/wp\/v2\/tags?post=5259"}],"curies":[{"name":"wp","href":"https:\/\/api.w.org\/{rel}","templated":true}]}}