{"id":5158,"date":"2019-09-04T20:12:36","date_gmt":"2019-09-04T20:12:36","guid":{"rendered":"https:\/\/neuroforma.com.br\/novo\/?p=5158"},"modified":"2019-10-30T16:41:28","modified_gmt":"2019-10-30T16:41:28","slug":"neuroforma-para-todas-as-idades","status":"publish","type":"post","link":"https:\/\/neuroforma.com.br\/novo\/neuroforma-para-todas-as-idades\/","title":{"rendered":"NeuroForma para todas as idades"},"content":{"rendered":"<p><img loading=\"lazy\" decoding=\"async\" class=\"alignleft size-full wp-image-5160\" src=\"https:\/\/neuroforma.com.br\/novo\/wp-content\/uploads\/2019\/09\/Piramide-Etaria.jpg\" alt=\"piramide-etaria\" width=\"1920\" height=\"1080\" srcset=\"https:\/\/neuroforma.com.br\/novo\/wp-content\/uploads\/2019\/09\/Piramide-Etaria.jpg 1920w, https:\/\/neuroforma.com.br\/novo\/wp-content\/uploads\/2019\/09\/Piramide-Etaria-300x169.jpg 300w, https:\/\/neuroforma.com.br\/novo\/wp-content\/uploads\/2019\/09\/Piramide-Etaria-768x432.jpg 768w, https:\/\/neuroforma.com.br\/novo\/wp-content\/uploads\/2019\/09\/Piramide-Etaria-1024x576.jpg 1024w\" sizes=\"auto, (max-width: 1920px) 100vw, 1920px\" \/><\/p>\n<pre>Retrato da pir\u00e2mide et\u00e1ria no Brasil exibido durante a palestra do m\u00e9dico e neurocientista Rog\u00e9rio Panizzutti, na sede da Ambep:\u00a0a invers\u00e3o da base nas pr\u00f3ximas d\u00e9cadas exigir\u00e1 mais aten\u00e7\u00e3o e cuidados com a sa\u00fade mental<\/pre>\n<p>Em\u00a0teleconfer\u00eancia\u00a0no \u00faltimo dia 31, o fundador da NeuroForma\u00ae\ufe0f, m\u00e9dico e neurocientista, Rog\u00e9rio Panizzutti, deu in\u00edcio \u00e0 implanta\u00e7\u00e3o do programa de treino cognitivo digital para jovens aprendizes\u00a0no Instituto Ramacrisna, sediado em Minas Gerais.\u00a0 Em outra palestra, proferida no\u00a0dia 23 de agosto, o Dr. Panizzutti apresentou a tecnologia de treinamento cerebral para melhoria das fun\u00e7\u00f5es cognitivas \u00e0 diretoria da Ambep &#8211; Associa\u00e7\u00e3o de Mantenedores Benefici\u00e1rios da Petros, com sede no Rio\u00a0 &#8211; que re\u00fane mais de 30 mil associados em todo o\u00a0pa\u00eds.<\/p>\n<p>&#8220;Estamos muito animados em oferecer o treinamento cognitivo para pessoas de todas as idades: crian\u00e7as em\u00a0situa\u00e7\u00f5es cl\u00ednicas, jovens e\u00a0adultos\u00a0de idades mais avan\u00e7adas. As pesquisas cient\u00edficas vem demonstrando cada vez mais benef\u00edcios do nosso programa de treinamento tanto em condi\u00e7\u00f5es\u00a0cl\u00ednicas, quanto para pessoas saud\u00e1veis em busca de melhoria das capacidades cognitivas para a sa\u00fade e qualidade de vida&#8221;, ressalta\u00a0o fundador da NeuroForma\u00ae\ufe0f.<\/p>\n<p>O projeto piloto no Instituto Ramacrisna re\u00fane 50 alunos do Projeto Jovens Aprendizes que visa capacit\u00e1-los e facilitar \u00e0 inser\u00e7\u00e3o no mercado de trabalho. Conforme a ades\u00e3o, a ideia \u00e9 que o projeto seja estendido aos mais de 700 jovens que participam desse projeto na entidade mineira at\u00e9 o final de 2020. J\u00e1 a oferta do programa de treino cognitivo digital ao membros da Ambep est\u00e1 prevista para come\u00e7ar at\u00e9 o final de 2019.<\/p>\n<p>Durante a palestra na\u00a0Ambep, no Centro do Rio de Janeiro, o m\u00e9dico e professor ressaltou que a pir\u00e2mide et\u00e1ria no Brasil est\u00e1 invertendo nas pr\u00f3ximas d\u00e9cadas, o que exigir\u00e1 mais aten\u00e7\u00e3o e cuidados com a sa\u00fade mental.<\/p>\n<p>&#8220;Al\u00e9m da popula\u00e7\u00e3o brasileira estar envelhecendo, temos a perspectiva de maior longevidade com o avan\u00e7o da medicina e das novas tecnologias. Hoje disponibilizamos no Brasil e pa\u00edses de l\u00edngua portuguesa, uma ferramenta \u00fanica\u00a0 de treino cerebral baseada em neuroplasticidade que possui mais de 100 evid\u00eancias cient\u00edficas e uma s\u00e9rie de\u00a0benef\u00edcios para a sa\u00fade do c\u00e9rebro &#8211;\u00a0 inclusive a redu\u00e7\u00e3o de 29% do risco de desenvolvimento de dem\u00eancias para quem utiliza. \u00c9 f\u00e1cil de acessar, pr\u00e1ticar por ser totalmente online&#8221; , resume o Dr. Panizzutti.<\/p>\n<p>Para quem ainda n\u00e3o conhece, a plataforma de treino cognitivo digital pode ser acessada atrav\u00e9s do endere\u00e7o <a href=\"http:\/\/br.brainhq.com\">neuroforma.brainhq.com<\/a><\/p>\n","protected":false},"excerpt":{"rendered":"<p>Retrato da pir\u00e2mide et\u00e1ria no Brasil exibido durante a palestra do m\u00e9dico e neurocientista Rog\u00e9rio Panizzutti, na sede da Ambep:\u00a0a invers\u00e3o da base nas pr\u00f3ximas d\u00e9cadas exigir\u00e1 mais aten\u00e7\u00e3o e cuidados com a sa\u00fade mental Em\u00a0teleconfer\u00eancia\u00a0no \u00faltimo dia 31, o fundador da NeuroForma\u00ae\ufe0f, m\u00e9dico e neurocientista, Rog\u00e9rio Panizzutti, deu in\u00edcio \u00e0 implanta\u00e7\u00e3o do programa de &hellip; <a href=\"https:\/\/neuroforma.com.br\/novo\/neuroforma-para-todas-as-idades\/\" class=\"more-link\">Continue lendo <span class=\"screen-reader-text\">NeuroForma para todas as idades<\/span> <span class=\"meta-nav\">&rarr;<\/span><\/a><\/p>\n","protected":false},"author":1,"featured_media":5160,"comment_status":"closed","ping_status":"closed","sticky":false,"template":"","format":"standard","meta":{"footnotes":""},"categories":[1],"tags":[],"class_list":["post-5158","post","type-post","status-publish","format-standard","has-post-thumbnail","hentry","category-uncategorized","repupress_customize_woocommerce_productom_class"],"yoast_head":"<!-- This site is optimized with the Yoast SEO plugin v26.9 - https:\/\/yoast.com\/product\/yoast-seo-wordpress\/ -->\n<title>NeuroForma para todas as idades -<\/title>\n<meta name=\"robots\" content=\"index, follow, max-snippet:-1, max-image-preview:large, max-video-preview:-1\" \/>\n<link rel=\"canonical\" href=\"https:\/\/neuroforma.com.br\/novo\/neuroforma-para-todas-as-idades\/\" \/>\n<meta property=\"og:locale\" content=\"pt_BR\" \/>\n<meta property=\"og:type\" content=\"article\" \/>\n<meta property=\"og:title\" content=\"NeuroForma para todas as idades -\" \/>\n<meta property=\"og:description\" content=\"Retrato da pir\u00e2mide et\u00e1ria no Brasil exibido durante a palestra do m\u00e9dico e neurocientista Rog\u00e9rio Panizzutti, na sede da Ambep:\u00a0a invers\u00e3o da base nas pr\u00f3ximas d\u00e9cadas exigir\u00e1 mais aten\u00e7\u00e3o e cuidados com a sa\u00fade mental Em\u00a0teleconfer\u00eancia\u00a0no \u00faltimo dia 31, o fundador da NeuroForma\u00ae\ufe0f, m\u00e9dico e neurocientista, Rog\u00e9rio Panizzutti, deu in\u00edcio \u00e0 implanta\u00e7\u00e3o do programa de &hellip; Continue lendo NeuroForma para todas as idades &rarr;\" \/>\n<meta property=\"og:url\" content=\"https:\/\/neuroforma.com.br\/novo\/neuroforma-para-todas-as-idades\/\" \/>\n<meta property=\"article:published_time\" content=\"2019-09-04T20:12:36+00:00\" \/>\n<meta property=\"article:modified_time\" content=\"2019-10-30T16:41:28+00:00\" \/>\n<meta property=\"og:image\" content=\"https:\/\/neuroforma.com.br\/novo\/wp-content\/uploads\/2019\/09\/Piramide-Etaria.jpg\" \/>\n\t<meta property=\"og:image:width\" content=\"1920\" \/>\n\t<meta property=\"og:image:height\" content=\"1080\" \/>\n\t<meta property=\"og:image:type\" content=\"image\/jpeg\" \/>\n<meta name=\"author\" content=\"admin\" \/>\n<meta name=\"twitter:label1\" content=\"Escrito por\" \/>\n\t<meta name=\"twitter:data1\" content=\"admin\" \/>\n\t<meta name=\"twitter:label2\" content=\"Est. tempo de leitura\" \/>\n\t<meta name=\"twitter:data2\" content=\"2 minutos\" \/>\n<script type=\"application\/ld+json\" class=\"yoast-schema-graph\">{\"@context\":\"https:\/\/schema.org\",\"@graph\":[{\"@type\":\"Article\",\"@id\":\"https:\/\/neuroforma.com.br\/novo\/neuroforma-para-todas-as-idades\/#article\",\"isPartOf\":{\"@id\":\"https:\/\/neuroforma.com.br\/novo\/neuroforma-para-todas-as-idades\/\"},\"author\":{\"name\":\"admin\",\"@id\":\"https:\/\/neuroforma.com.br\/novo\/#\/schema\/person\/12d211761dd8050314f7756a31961c56\"},\"headline\":\"NeuroForma para todas as idades\",\"datePublished\":\"2019-09-04T20:12:36+00:00\",\"dateModified\":\"2019-10-30T16:41:28+00:00\",\"mainEntityOfPage\":{\"@id\":\"https:\/\/neuroforma.com.br\/novo\/neuroforma-para-todas-as-idades\/\"},\"wordCount\":408,\"image\":{\"@id\":\"https:\/\/neuroforma.com.br\/novo\/neuroforma-para-todas-as-idades\/#primaryimage\"},\"thumbnailUrl\":\"https:\/\/neuroforma.com.br\/novo\/wp-content\/uploads\/2019\/09\/Piramide-Etaria.jpg\",\"articleSection\":[\"Uncategorized\"],\"inLanguage\":\"pt-BR\"},{\"@type\":\"WebPage\",\"@id\":\"https:\/\/neuroforma.com.br\/novo\/neuroforma-para-todas-as-idades\/\",\"url\":\"https:\/\/neuroforma.com.br\/novo\/neuroforma-para-todas-as-idades\/\",\"name\":\"NeuroForma para todas as idades -\",\"isPartOf\":{\"@id\":\"https:\/\/neuroforma.com.br\/novo\/#website\"},\"primaryImageOfPage\":{\"@id\":\"https:\/\/neuroforma.com.br\/novo\/neuroforma-para-todas-as-idades\/#primaryimage\"},\"image\":{\"@id\":\"https:\/\/neuroforma.com.br\/novo\/neuroforma-para-todas-as-idades\/#primaryimage\"},\"thumbnailUrl\":\"https:\/\/neuroforma.com.br\/novo\/wp-content\/uploads\/2019\/09\/Piramide-Etaria.jpg\",\"datePublished\":\"2019-09-04T20:12:36+00:00\",\"dateModified\":\"2019-10-30T16:41:28+00:00\",\"author\":{\"@id\":\"https:\/\/neuroforma.com.br\/novo\/#\/schema\/person\/12d211761dd8050314f7756a31961c56\"},\"breadcrumb\":{\"@id\":\"https:\/\/neuroforma.com.br\/novo\/neuroforma-para-todas-as-idades\/#breadcrumb\"},\"inLanguage\":\"pt-BR\",\"potentialAction\":[{\"@type\":\"ReadAction\",\"target\":[\"https:\/\/neuroforma.com.br\/novo\/neuroforma-para-todas-as-idades\/\"]}]},{\"@type\":\"ImageObject\",\"inLanguage\":\"pt-BR\",\"@id\":\"https:\/\/neuroforma.com.br\/novo\/neuroforma-para-todas-as-idades\/#primaryimage\",\"url\":\"https:\/\/neuroforma.com.br\/novo\/wp-content\/uploads\/2019\/09\/Piramide-Etaria.jpg\",\"contentUrl\":\"https:\/\/neuroforma.com.br\/novo\/wp-content\/uploads\/2019\/09\/Piramide-Etaria.jpg\",\"width\":1920,\"height\":1080},{\"@type\":\"BreadcrumbList\",\"@id\":\"https:\/\/neuroforma.com.br\/novo\/neuroforma-para-todas-as-idades\/#breadcrumb\",\"itemListElement\":[{\"@type\":\"ListItem\",\"position\":1,\"name\":\"Home\",\"item\":\"https:\/\/neuroforma.com.br\/novo\/\"},{\"@type\":\"ListItem\",\"position\":2,\"name\":\"NeuroForma para todas as idades\"}]},{\"@type\":\"WebSite\",\"@id\":\"https:\/\/neuroforma.com.br\/novo\/#website\",\"url\":\"https:\/\/neuroforma.com.br\/novo\/\",\"name\":\"\",\"description\":\"\",\"potentialAction\":[{\"@type\":\"SearchAction\",\"target\":{\"@type\":\"EntryPoint\",\"urlTemplate\":\"https:\/\/neuroforma.com.br\/novo\/?s={search_term_string}\"},\"query-input\":{\"@type\":\"PropertyValueSpecification\",\"valueRequired\":true,\"valueName\":\"search_term_string\"}}],\"inLanguage\":\"pt-BR\"},{\"@type\":\"Person\",\"@id\":\"https:\/\/neuroforma.com.br\/novo\/#\/schema\/person\/12d211761dd8050314f7756a31961c56\",\"name\":\"admin\",\"image\":{\"@type\":\"ImageObject\",\"inLanguage\":\"pt-BR\",\"@id\":\"https:\/\/neuroforma.com.br\/novo\/#\/schema\/person\/image\/\",\"url\":\"https:\/\/secure.gravatar.com\/avatar\/78c99431103c8eac07c3e394450e82f604cfb9126e1520128d5a7033920b57e5?s=96&d=mm&r=g\",\"contentUrl\":\"https:\/\/secure.gravatar.com\/avatar\/78c99431103c8eac07c3e394450e82f604cfb9126e1520128d5a7033920b57e5?s=96&d=mm&r=g\",\"caption\":\"admin\"},\"url\":\"https:\/\/neuroforma.com.br\/novo\/author\/admin\/\"}]}<\/script>\n<!-- \/ Yoast SEO plugin. -->","yoast_head_json":{"title":"NeuroForma para todas as idades -","robots":{"index":"index","follow":"follow","max-snippet":"max-snippet:-1","max-image-preview":"max-image-preview:large","max-video-preview":"max-video-preview:-1"},"canonical":"https:\/\/neuroforma.com.br\/novo\/neuroforma-para-todas-as-idades\/","og_locale":"pt_BR","og_type":"article","og_title":"NeuroForma para todas as idades -","og_description":"Retrato da pir\u00e2mide et\u00e1ria no Brasil exibido durante a palestra do m\u00e9dico e neurocientista Rog\u00e9rio Panizzutti, na sede da Ambep:\u00a0a invers\u00e3o da base nas pr\u00f3ximas d\u00e9cadas exigir\u00e1 mais aten\u00e7\u00e3o e cuidados com a sa\u00fade mental Em\u00a0teleconfer\u00eancia\u00a0no \u00faltimo dia 31, o fundador da NeuroForma\u00ae\ufe0f, m\u00e9dico e neurocientista, Rog\u00e9rio Panizzutti, deu in\u00edcio \u00e0 implanta\u00e7\u00e3o do programa de &hellip; Continue lendo NeuroForma para todas as idades &rarr;","og_url":"https:\/\/neuroforma.com.br\/novo\/neuroforma-para-todas-as-idades\/","article_published_time":"2019-09-04T20:12:36+00:00","article_modified_time":"2019-10-30T16:41:28+00:00","og_image":[{"width":1920,"height":1080,"url":"https:\/\/neuroforma.com.br\/novo\/wp-content\/uploads\/2019\/09\/Piramide-Etaria.jpg","type":"image\/jpeg"}],"author":"admin","twitter_misc":{"Escrito por":"admin","Est. tempo de leitura":"2 minutos"},"schema":{"@context":"https:\/\/schema.org","@graph":[{"@type":"Article","@id":"https:\/\/neuroforma.com.br\/novo\/neuroforma-para-todas-as-idades\/#article","isPartOf":{"@id":"https:\/\/neuroforma.com.br\/novo\/neuroforma-para-todas-as-idades\/"},"author":{"name":"admin","@id":"https:\/\/neuroforma.com.br\/novo\/#\/schema\/person\/12d211761dd8050314f7756a31961c56"},"headline":"NeuroForma para todas as idades","datePublished":"2019-09-04T20:12:36+00:00","dateModified":"2019-10-30T16:41:28+00:00","mainEntityOfPage":{"@id":"https:\/\/neuroforma.com.br\/novo\/neuroforma-para-todas-as-idades\/"},"wordCount":408,"image":{"@id":"https:\/\/neuroforma.com.br\/novo\/neuroforma-para-todas-as-idades\/#primaryimage"},"thumbnailUrl":"https:\/\/neuroforma.com.br\/novo\/wp-content\/uploads\/2019\/09\/Piramide-Etaria.jpg","articleSection":["Uncategorized"],"inLanguage":"pt-BR"},{"@type":"WebPage","@id":"https:\/\/neuroforma.com.br\/novo\/neuroforma-para-todas-as-idades\/","url":"https:\/\/neuroforma.com.br\/novo\/neuroforma-para-todas-as-idades\/","name":"NeuroForma para todas as idades -","isPartOf":{"@id":"https:\/\/neuroforma.com.br\/novo\/#website"},"primaryImageOfPage":{"@id":"https:\/\/neuroforma.com.br\/novo\/neuroforma-para-todas-as-idades\/#primaryimage"},"image":{"@id":"https:\/\/neuroforma.com.br\/novo\/neuroforma-para-todas-as-idades\/#primaryimage"},"thumbnailUrl":"https:\/\/neuroforma.com.br\/novo\/wp-content\/uploads\/2019\/09\/Piramide-Etaria.jpg","datePublished":"2019-09-04T20:12:36+00:00","dateModified":"2019-10-30T16:41:28+00:00","author":{"@id":"https:\/\/neuroforma.com.br\/novo\/#\/schema\/person\/12d211761dd8050314f7756a31961c56"},"breadcrumb":{"@id":"https:\/\/neuroforma.com.br\/novo\/neuroforma-para-todas-as-idades\/#breadcrumb"},"inLanguage":"pt-BR","potentialAction":[{"@type":"ReadAction","target":["https:\/\/neuroforma.com.br\/novo\/neuroforma-para-todas-as-idades\/"]}]},{"@type":"ImageObject","inLanguage":"pt-BR","@id":"https:\/\/neuroforma.com.br\/novo\/neuroforma-para-todas-as-idades\/#primaryimage","url":"https:\/\/neuroforma.com.br\/novo\/wp-content\/uploads\/2019\/09\/Piramide-Etaria.jpg","contentUrl":"https:\/\/neuroforma.com.br\/novo\/wp-content\/uploads\/2019\/09\/Piramide-Etaria.jpg","width":1920,"height":1080},{"@type":"BreadcrumbList","@id":"https:\/\/neuroforma.com.br\/novo\/neuroforma-para-todas-as-idades\/#breadcrumb","itemListElement":[{"@type":"ListItem","position":1,"name":"Home","item":"https:\/\/neuroforma.com.br\/novo\/"},{"@type":"ListItem","position":2,"name":"NeuroForma para todas as idades"}]},{"@type":"WebSite","@id":"https:\/\/neuroforma.com.br\/novo\/#website","url":"https:\/\/neuroforma.com.br\/novo\/","name":"","description":"","potentialAction":[{"@type":"SearchAction","target":{"@type":"EntryPoint","urlTemplate":"https:\/\/neuroforma.com.br\/novo\/?s={search_term_string}"},"query-input":{"@type":"PropertyValueSpecification","valueRequired":true,"valueName":"search_term_string"}}],"inLanguage":"pt-BR"},{"@type":"Person","@id":"https:\/\/neuroforma.com.br\/novo\/#\/schema\/person\/12d211761dd8050314f7756a31961c56","name":"admin","image":{"@type":"ImageObject","inLanguage":"pt-BR","@id":"https:\/\/neuroforma.com.br\/novo\/#\/schema\/person\/image\/","url":"https:\/\/secure.gravatar.com\/avatar\/78c99431103c8eac07c3e394450e82f604cfb9126e1520128d5a7033920b57e5?s=96&d=mm&r=g","contentUrl":"https:\/\/secure.gravatar.com\/avatar\/78c99431103c8eac07c3e394450e82f604cfb9126e1520128d5a7033920b57e5?s=96&d=mm&r=g","caption":"admin"},"url":"https:\/\/neuroforma.com.br\/novo\/author\/admin\/"}]}},"_links":{"self":[{"href":"https:\/\/neuroforma.com.br\/novo\/wp-json\/wp\/v2\/posts\/5158","targetHints":{"allow":["GET"]}}],"collection":[{"href":"https:\/\/neuroforma.com.br\/novo\/wp-json\/wp\/v2\/posts"}],"about":[{"href":"https:\/\/neuroforma.com.br\/novo\/wp-json\/wp\/v2\/types\/post"}],"author":[{"embeddable":true,"href":"https:\/\/neuroforma.com.br\/novo\/wp-json\/wp\/v2\/users\/1"}],"replies":[{"embeddable":true,"href":"https:\/\/neuroforma.com.br\/novo\/wp-json\/wp\/v2\/comments?post=5158"}],"version-history":[{"count":11,"href":"https:\/\/neuroforma.com.br\/novo\/wp-json\/wp\/v2\/posts\/5158\/revisions"}],"predecessor-version":[{"id":5203,"href":"https:\/\/neuroforma.com.br\/novo\/wp-json\/wp\/v2\/posts\/5158\/revisions\/5203"}],"wp:featuredmedia":[{"embeddable":true,"href":"https:\/\/neuroforma.com.br\/novo\/wp-json\/wp\/v2\/media\/5160"}],"wp:attachment":[{"href":"https:\/\/neuroforma.com.br\/novo\/wp-json\/wp\/v2\/media?parent=5158"}],"wp:term":[{"taxonomy":"category","embeddable":true,"href":"https:\/\/neuroforma.com.br\/novo\/wp-json\/wp\/v2\/categories?post=5158"},{"taxonomy":"post_tag","embeddable":true,"href":"https:\/\/neuroforma.com.br\/novo\/wp-json\/wp\/v2\/tags?post=5158"}],"curies":[{"name":"wp","href":"https:\/\/api.w.org\/{rel}","templated":true}]}}