{"id":4995,"date":"2019-05-17T14:46:19","date_gmt":"2019-05-17T14:46:19","guid":{"rendered":"https:\/\/neuroforma.com.br\/novo\/?p=4995"},"modified":"2019-05-17T14:59:13","modified_gmt":"2019-05-17T14:59:13","slug":"55-mil-novos-casos-de-demencia-cada-ano-no-brasil-e-10-milhoes-no-mundo-diz-oms","status":"publish","type":"post","link":"https:\/\/neuroforma.com.br\/novo\/55-mil-novos-casos-de-demencia-cada-ano-no-brasil-e-10-milhoes-no-mundo-diz-oms\/","title":{"rendered":"55 mil novos casos de dem\u00eancia a cada ano no Brasil e 10 milh\u00f5es no mundo, diz OMS"},"content":{"rendered":"<h2>Casos de dem\u00eancia v\u00e3o triplicar e chegar a 152 milh\u00f5es de pessoas at\u00e9 2050, diz OMS<\/h2>\n<h4 class=\"content-head__subtitle\">Mais de 50 milh\u00f5es de pessoas em todo o mundo vivem com dem\u00eancia, e a cada ano s\u00e3o registrados quase\u00a010 milh\u00f5es de novos casos.<\/h4>\n<p><img loading=\"lazy\" decoding=\"async\" class=\"alignleft size-full wp-image-4998\" src=\"https:\/\/neuroforma.com.br\/novo\/wp-content\/uploads\/2019\/05\/homem-idoso.jpg\" alt=\"homem-idoso\" width=\"1000\" height=\"667\" srcset=\"https:\/\/neuroforma.com.br\/novo\/wp-content\/uploads\/2019\/05\/homem-idoso.jpg 1000w, https:\/\/neuroforma.com.br\/novo\/wp-content\/uploads\/2019\/05\/homem-idoso-300x200.jpg 300w, https:\/\/neuroforma.com.br\/novo\/wp-content\/uploads\/2019\/05\/homem-idoso-768x512.jpg 768w\" sizes=\"auto, (max-width: 1000px) 100vw, 1000px\" \/><\/p>\n<pre>A dem\u00eancia engloba uma s\u00e9rie de doen\u00e7as progressivas que afetam as capacidades de aten\u00e7\u00e3o, mem\u00f3ria e outras habilidades cognitivas e comportamentos\u00a0 \u2014 Foto: Alex Boyd\/Unsplash<\/pre>\n<p>Com o acelerado envelhecimento da popula\u00e7\u00e3o mundial, o alto \u00edndice de crescimento de casos de dem\u00eancia tornou-se um dos principais desafios de sa\u00fade p\u00fablica da atualidade. A fim de reduzir o impacto global da doen\u00e7a, as principais recomenda\u00e7\u00f5es anunciadas pela Organiza\u00e7\u00e3o Mundial de Sa\u00fade (OMS) incluem a pr\u00e1tica regular de exerc\u00edcios aer\u00f3bicos e a ado\u00e7\u00e3o da dieta mediterr\u00e2nea &#8211; baseada na alta ingest\u00e3o de cereais integrais, frutas, peixes, vegetais e azeite de oliva.<\/p>\n<p>Mais de 50 milh\u00f5es de pessoas em todo o mundo vivem com dem\u00eancia, e a cada ano s\u00e3o registrados quase dez milh\u00f5es de novos casos. A estimativa da Organiza\u00e7\u00e3o Mundial de Sa\u00fade \u00e9 de que 152 milh\u00f5es de pessoas ser\u00e3o afetadas at\u00e9 2050. Embora n\u00e3o exista cura para a dem\u00eancia, muito pode ser feito para inibir o surgimento ou a progress\u00e3o da doen\u00e7a. Al\u00e9m de uma dieta saud\u00e1vel e da pr\u00e1tica regular de exerc\u00edcios, as primeiras diretrizes globais da OMS para reduzir o risco de decl\u00ednio cognitivo e dem\u00eancia recomendam ainda a ado\u00e7\u00e3o de pol\u00edticas p\u00fablicas para combater o fumo, a obesidade, a hipertens\u00e3o, o diabetes e o consumo de \u00e1lcool.<\/p>\n<p>As diretrizes\u00a0foram apresentadas em detalhe por representantes da OMS na abertura do simp\u00f3sio &#8220;Dementia Forum X&#8221;, que reuniu no \u00faltimo dia 15, l\u00edderes e especialistas internacionais em dem\u00eancia no Pal\u00e1cio Real de Estocolmo, sob a iniciativa da Rainha Silvia da Su\u00e9cia.<\/p>\n<p>A dem\u00eancia engloba uma s\u00e9rie de doen\u00e7as progressivas que afetam as capacidades de aten\u00e7\u00e3o, mem\u00f3ria e outras habilidades cognitivas e comportamentos. Ha\u0301 mais de 100 formas de deme\u0302ncia \u2013 a mais comum e\u0301 a doen\u00e7a de Alzheimer, que contabiliza de 60% a 70% de todos os casos. As mulheres s\u00e3o mais frequentemente afetadas do que os homens.<\/p>\n<p><strong>Recomenda\u00e7\u00f5es<\/strong><\/p>\n<p>A Organiza\u00e7\u00e3o Mundial de Sa\u00fade destaca que a atividade f\u00edsica est\u00e1 associada \u00e0 sa\u00fade cerebral, e diversos estudos apontam que pessoas com uma vida mais ativa apresentam menor risco de desenvolver dem\u00eancias. Segundo as recomenda\u00e7\u00f5es do relat\u00f3rio da OMS, adultos a partir de 65 anos de idade devem praticar pelo menos 150 minutos de atividades aer\u00f3bicas de intensidade moderada por semana.<\/p>\n<p><img loading=\"lazy\" decoding=\"async\" class=\"alignleft size-full wp-image-4865\" src=\"https:\/\/neuroforma.com.br\/novo\/wp-content\/uploads\/2019\/01\/idosos-hidroginastica.jpg\" alt=\"idosos-hidroginastica\" width=\"945\" height=\"630\" \/><\/p>\n<p>A alternativa \u00e9 fazer pelo menos 75 minutos de exerc\u00edcios aer\u00f3bicos vigorosos durante a semana, ou uma combina\u00e7\u00e3o equivalente de atividades de intensidade moderada a alta. Cada atividade aer\u00f3bica deve ter pelo menos dez minutos de dura\u00e7\u00e3o.<\/p>\n<p>Para obter benef\u00edcios adicionais, a OMS recomenda a pr\u00e1tica de 300 minutos de exerc\u00edcios aer\u00f3bicos moderados por semana, ou 150 minutos de atividades de alta intensidade &#8211; ou ainda uma combina\u00e7\u00e3o entre pr\u00e1ticas aer\u00f3bicas de intensidade moderada e alta. Exerc\u00edcios de muscula\u00e7\u00e3o devem ser feitos duas ou mais vezes por semana.<\/p>\n<p>Uma dieta saud\u00e1vel e equilibrada tamb\u00e9m tem papel importante na preven\u00e7\u00e3o de doen\u00e7as que aumentam o risco de dem\u00eancia, como o diabetes.<br \/>\nDe acordo com a OMS, v\u00e1rios estudos indicam que a ado\u00e7\u00e3o da dieta mediterr\u00e2nea est\u00e1 associada a uma menor probabilidade de desenvolver dem\u00eancias. Baseada no consumo de alimentos frescos e naturais, a dieta mediterr\u00e2nea \u00e9 normalmente relacionada \u00e0 melhora das fun\u00e7\u00f5es cardiovasculares e a uma maior longevidade de seus adeptos, al\u00e9m de reduzir riscos de desenvolvimento de c\u00e2ncer e outras doen\u00e7as degenerativas.<\/p>\n<p>As recomeda\u00e7\u00f5es gerais da OMS para uma dieta balanceada incluem pelo menos 400 gramas (cinco por\u00e7\u00f5es) de frutas e legumes por dia, al\u00e9m de nozes e gr\u00e3os integrais. Deve-se dar prefer\u00eancia ao consumo de gorduras insaturadas (encontradas em alimentos como peixes, abacate, \u00f3leo de canola e azeite de oliva), e reduzir a ingest\u00e3o de gorduras saturadas &#8211; presentes por exemplo em carnes vermelhas, manteigas, queijos e \u00f3leo de c\u00f4co &#8211; a menos de 10% das calorias ingeridas por dia.<\/p>\n<p>A OMS recomenda ainda a ingest\u00e3o de menos de cinco gramas de sal (cerca de uma colher de ch\u00e1) por dia, e o uso de sal iodado.<\/p>\n<p><strong>Custo global da dem\u00eancia<\/strong><\/p>\n<p>Em todo o mundo, os custos de apoio e tratamento de dem\u00eancias crescem de forma alarmante: em 2018, os gastos globais foram da ordem de um trilh\u00e3o de d\u00f3lares, e as proje\u00e7\u00f5es s\u00e3o de que este total ir\u00e1 dobrar at\u00e9 2030.<\/p>\n<p><img loading=\"lazy\" decoding=\"async\" class=\"alignleft size-full wp-image-4997\" src=\"https:\/\/neuroforma.com.br\/novo\/wp-content\/uploads\/2019\/05\/idosa-alzheimer.jpg\" alt=\"idosa-alzheimer\" width=\"1000\" height=\"750\" srcset=\"https:\/\/neuroforma.com.br\/novo\/wp-content\/uploads\/2019\/05\/idosa-alzheimer.jpg 1000w, https:\/\/neuroforma.com.br\/novo\/wp-content\/uploads\/2019\/05\/idosa-alzheimer-300x225.jpg 300w, https:\/\/neuroforma.com.br\/novo\/wp-content\/uploads\/2019\/05\/idosa-alzheimer-768x576.jpg 768w\" sizes=\"auto, (max-width: 1000px) 100vw, 1000px\" \/><\/p>\n<pre>No Brasil, segundo dados da Sociedade Brasileira de Geriatria e Gerontologia, s\u00e3o registrados 55 mil novos casos de dem\u00eancias todos os anos, a maioria decorrentes do mal de Alzheimer. \u2014 Foto: Pixabay<\/pre>\n<p>No Brasil, segundo dados da Sociedade Brasileira de Geriatria e Gerontologia, s\u00e3o registrados 55 mil novos casos de dem\u00eancias todos os anos, a maioria decorrentes do mal de Alzheimer. Atualmente, 1,4 milh\u00e3o de brasileiros vivem com dem\u00eancia &#8211; e o n\u00famero de casos dever\u00e1 saltar para mais de seis milh\u00f5es em 2050.<\/p>\n<p>A popula\u00e7\u00e3o brasileira tamb\u00e9m envelhece de forma acelerada: segundo estat\u00edsticas do IBGE, em 2018 o Brasil contabilizava 28 milh\u00f5es de pessoas acima dos 60 anos. At\u00e9 2060, este n\u00famero dever\u00e1 aumentar para 73 milh\u00f5es de pessoas.<\/p>\n<p>\u201cO subgrupo da popula\u00e7\u00e3o que mais crescer\u00e1 at\u00e9 2065 \u00e9 o de pessoas acima de 60 anos, e, dentro deste grupo, o de pessoas com mais de 80 anos de idade. Grosso modo, 40% daqueles que atingem esta idade apresentam decl\u00ednio cognitivo importante, e o risco aumenta progressivamente\u201d, alerta o m\u00e9dico carioca Alexandre Kalache, um dos convidados do Dementia Forum X de Estocolmo.<\/p>\n<p>Refer\u00eancia no Brasil para quest\u00f5es relacionadas ao envelhecimento, Kalache diz ver com preocupa\u00e7\u00e3o a forma como o pa\u00eds tem respondido ao que ele chama de \u201crevolu\u00e7\u00e3o da longevidade\u201d:<\/p>\n<p>\u201cO que mais importa \u00e9 treinar a equipe de aten\u00e7\u00e3o prim\u00e1ria \u00e0 sa\u00fade, para que os problemas decorrentes do n\u00famero crescente de casos de Alzheimer possam ser minorados. No entanto, o SUS parece estar sendo desmantelado. Centros de sa\u00fade est\u00e3o mal financiados, muitos deles est\u00e3o fechando, e as condi\u00e7\u00f5es de trabalho s\u00e3o altamente inadequadas\u201d, destaca o especialista.<\/p>\n<p>Presidente do Centro Internacional de Longevidade (ILC) do Brasil, Kalache ressalta que o pa\u00eds ainda n\u00e3o tem uma pol\u00edtica nacional para lidar especificamente com dem\u00eancias \u2013 ao contr\u00e1rio de in\u00fameros outros pa\u00edses, inclusive na Am\u00e9rica Latina.<\/p>\n<p>\u201cA Pol\u00edtica Nacional de Sa\u00fade (PNS) para fazer face ao envelhecimento n\u00e3o s\u00f3 \u00e9 insuficiente em rela\u00e7\u00e3o ao desafio, como deficit\u00e1ria quanto \u00e0 sua aplica\u00e7\u00e3o. Assim como na Constitui\u00e7\u00e3o, a PNS atribui \u00e0 fam\u00edlia a responsabilidade de cuidar de pacientes com Alzheimer. No entanto, al\u00e9m da \u201cinsufici\u00eancia familiar\u201d &#8211; com fam\u00edlias mais fragmentadas, menor n\u00famero de filhos e fatores como moradias prec\u00e1rias -, o que mais falta \u00e9 uma pol\u00edtica de apoio \u00e0 fam\u00edlia para que ela possa exercer este papel adequadamente\u201d, diz o especialista, que tamb\u00e9m atua como embaixador global da organiza\u00e7\u00e3o HelpAge International.<\/p>\n<p><strong>Uma doen\u00e7a desigual<\/strong><\/p>\n<p>Apesar de o mal de Alzheimer afetar pessoas de diferentes classes sociais, a baixa escolaridade \u00e9 um dos fatores de risco para o surgimento de dem\u00eancias ap\u00f3s os 60 anos.<\/p>\n<p>Segundo a Sociedade Brasileira de Geriatria e Gerontologia, isto ocorre porque o ensino formal contribui para a cria\u00e7\u00e3o de redes neurais mais complexas, e estimula o c\u00e9rebro a elaborar uma reserva funcional maior que ser\u00e1 gasta ao longo da vida. Pessoas com maior n\u00edvel de escolaridade geralmente executam atividades intelectuais mais complexas, que oferecem uma maior quantidade de est\u00edmulos cerebrais.<\/p>\n<p><img loading=\"lazy\" decoding=\"async\" class=\"alignleft size-full wp-image-4996\" src=\"https:\/\/neuroforma.com.br\/novo\/wp-content\/uploads\/2019\/05\/idosos-caminhada.jpg\" alt=\"idosos-caminhada\" width=\"1000\" height=\"750\" srcset=\"https:\/\/neuroforma.com.br\/novo\/wp-content\/uploads\/2019\/05\/idosos-caminhada.jpg 1000w, https:\/\/neuroforma.com.br\/novo\/wp-content\/uploads\/2019\/05\/idosos-caminhada-300x225.jpg 300w, https:\/\/neuroforma.com.br\/novo\/wp-content\/uploads\/2019\/05\/idosos-caminhada-768x576.jpg 768w\" sizes=\"auto, (max-width: 1000px) 100vw, 1000px\" \/><br \/>\nSegundo estat\u00edsticas do IBGE, em 2018 o Brasil contabilizava 28 milh\u00f5es de pessoas acima dos 60 anos \u2014 Foto: Pixabay<\/p>\n<p>Ou seja, um indiv\u00edduo que frequentou o ensino superior possui menos chances de adquirir de forma precoce o mal de Alzheimer ou outra doen\u00e7a neurodegenerativa do que o indiv\u00edduo que concluiu apenas o ciclo b\u00e1sico de educa\u00e7\u00e3o. Portanto, aumentar o n\u00edvel de escolariza\u00e7\u00e3o pode ser eficiente para prevenir casos de dem\u00eancia.<\/p>\n<p>Os especialistas destacam: manter o c\u00e9rebro constantemente ativo e estimulado pode retardar e at\u00e9 inibir a manifesta\u00e7\u00e3o da doen\u00e7a. Outros fatores de prote\u00e7\u00e3o contra a dem\u00eancia s\u00e3o o controle da hipertens\u00e3o, do diabetes e da depress\u00e3o, aliado a h\u00e1bitos saud\u00e1veis como n\u00e3o fumar e praticar exerc\u00edcios f\u00edsicos.<\/p>\n<p>\u201cN\u00e3o sabemos com nenhum grau de certeza como prevenir a dem\u00eancia. Mas muito pode ser feito para prevenir a segunda mais frequente forma de dem\u00eancia \u2013 a dem\u00eancia vascular, sobretudo atrav\u00e9s da preven\u00e7\u00e3o e tratamento adequado da hipertens\u00e3o arterial. Aqui vale a no\u00e7\u00e3o dos tr\u00eas ter\u00e7os. Um ter\u00e7o dos casos de hipertens\u00e3o no Brasil n\u00e3o tem a doen\u00e7a diagnosticada, outro ter\u00e7o a tem diagnosticada, mas n\u00e3o \u00e9 tratada. E do ter\u00e7o final, muitos iniciam o tratamento com pouca ader\u00eancia ou falta de acesso aos medicamentos mais indicados\u201d, diz o m\u00e9dico Alexandre Kalache.<\/p>\n<p>\u201cSabemos que atividade f\u00edsica, n\u00edvel educacional adequado, dieta saud\u00e1vel e est\u00edmulos cognitivos ao longo da vida podem ter um efeito positivo em rela\u00e7\u00e3o \u00e0 dem\u00eancia \u2013 se n\u00e3o para preveni-la, pelo menos para adi\u00e1-la. E se o conseguimos por oito ou dez anos, j\u00e1 estaremos no lucro\u201d &#8211; Alexandre Kalache.<\/p>\n<p>Segundo a Associa\u00e7\u00e3o Brasileira de Alzheimer, a doen\u00e7a \u00e9 uma enfermidade incur\u00e1vel que se agrava ao longo do tempo, mas que pode e deve ser tratada. Os avan\u00e7os da medicina t\u00eam permitido que os pacientes tenham uma sobrevida maior e uma qualidade de vida melhor, mesmo na fase grave da doen\u00e7a. Tamb\u00e9m h\u00e1 evid\u00eancias cient\u00edficas de que atividades de estimula\u00e7\u00e3o cognitiva, social e f\u00edsica favorecem a funcionalidade e a manuten\u00e7\u00e3o de habilidades dos pacientes.<\/p>\n<p>Quando a doen\u00e7a \u00e9 diagnosticada em sua fase inicial, \u00e9 poss\u00edvel retardar o seu avan\u00e7o e ter mais controle sobre os sintomas, garantindo melhor qualidade de vida ao paciente e \u00e0 fam\u00edlia.<\/p>\n<p>Em Estocolmo, a anfitri\u00e3 do terceiro Dementia Forum X ser\u00e1 a Rainha Silvia da Su\u00e9cia, que tem envolvimento pessoal com o tema: sua m\u00e3e, a brasileira Alice Sommerlath, sofreu de dem\u00eancia em seus \u00faltimos anos de vida. Em consequ\u00eancia da dolorosa experi\u00eancia com a m\u00e3e, em 1996 a Rainha criou a funda\u00e7\u00e3o Silviahemmet, um inovador centro de excel\u00eancia que se dedica a auxiliar e capacitar pessoas envolvidas no cuidado de pacientes com dem\u00eancia.<\/p>\n<p>Na capital paulista, a Sociedade Beneficente Alem\u00e3 \u00e9 a primeira institui\u00e7\u00e3o da Am\u00e9rica Latina a seguir as recomenda\u00e7\u00f5es e a filosofia de cuidados da funda\u00e7\u00e3o Silviahemmet.<\/p>\n<p>\u201cH\u00e1 modelos que podem ser adaptados ao nosso contexto \u2013 da\u00ed a import\u00e2ncia dos estudos e pacotes de treinamento desenvolvidos pela funda\u00e7\u00e3o da Rainha Silvia. Mas vale lembrar que os pa\u00edses desenvolvidos primeiro enriqueceram para depois envelhecerem. N\u00f3s estamos envelhecendo muito mais rapidamente, em um contexto de muita pobreza e de imensas desigualdades sociais\u201d, observa Alexandre Kalache.<\/p>\n<p><strong>BrainHQ<\/strong> \u00e9 o \u00fanico programa de treino cogntivo dispon\u00edvel online que possui mais de 100 estudos e pesquisas cient\u00edficas comprovando reais benef\u00edcios no combate e preven\u00e7\u00e3o \u00e0s dem\u00eancias. Experimente a vers\u00e3o em portugu\u00eas com mais de 40 cursos e exerc\u00edcios cientificamente desenvolvidos em<a href=\"http:\/\/br.brainhq.com\" target=\"_blank\"> neuroforma.brainhq.com<\/a><\/p>\n<p>Fonte: <a href=\"https:\/\/g1.globo.com\/ciencia-e-saude\/noticia\/2019\/05\/14\/casos-de-demencia-vao-triplicar-e-chegar-a-152-milhoes-de-pessoas-ate-2050-diz-oms.ghtml\" target=\"_blank\">G1<\/a>\/RFI<\/p>\n","protected":false},"excerpt":{"rendered":"<p>Casos de dem\u00eancia v\u00e3o triplicar e chegar a 152 milh\u00f5es de pessoas at\u00e9 2050, diz OMS Mais de 50 milh\u00f5es de pessoas em todo o mundo vivem com dem\u00eancia, e a cada ano s\u00e3o registrados quase\u00a010 milh\u00f5es de novos casos. A dem\u00eancia engloba uma s\u00e9rie de doen\u00e7as progressivas que afetam as capacidades de aten\u00e7\u00e3o, mem\u00f3ria &hellip; <a href=\"https:\/\/neuroforma.com.br\/novo\/55-mil-novos-casos-de-demencia-cada-ano-no-brasil-e-10-milhoes-no-mundo-diz-oms\/\" class=\"more-link\">Continue lendo <span class=\"screen-reader-text\">55 mil novos casos de dem\u00eancia a cada ano no Brasil e 10 milh\u00f5es no mundo, diz OMS<\/span> <span class=\"meta-nav\">&rarr;<\/span><\/a><\/p>\n","protected":false},"author":1,"featured_media":4998,"comment_status":"closed","ping_status":"closed","sticky":false,"template":"","format":"standard","meta":{"footnotes":""},"categories":[1],"tags":[],"class_list":["post-4995","post","type-post","status-publish","format-standard","has-post-thumbnail","hentry","category-uncategorized","repupress_customize_woocommerce_productom_class"],"yoast_head":"<!-- This site is optimized with the Yoast SEO plugin v26.9 - https:\/\/yoast.com\/product\/yoast-seo-wordpress\/ -->\n<title>55 mil novos casos de dem\u00eancia a cada ano no Brasil e 10 milh\u00f5es no mundo, diz OMS -<\/title>\n<meta name=\"robots\" content=\"index, follow, max-snippet:-1, max-image-preview:large, max-video-preview:-1\" \/>\n<link rel=\"canonical\" href=\"https:\/\/neuroforma.com.br\/novo\/55-mil-novos-casos-de-demencia-cada-ano-no-brasil-e-10-milhoes-no-mundo-diz-oms\/\" \/>\n<meta property=\"og:locale\" content=\"pt_BR\" \/>\n<meta property=\"og:type\" content=\"article\" \/>\n<meta property=\"og:title\" content=\"55 mil novos casos de dem\u00eancia a cada ano no Brasil e 10 milh\u00f5es no mundo, diz OMS -\" \/>\n<meta property=\"og:description\" content=\"Casos de dem\u00eancia v\u00e3o triplicar e chegar a 152 milh\u00f5es de pessoas at\u00e9 2050, diz OMS Mais de 50 milh\u00f5es de pessoas em todo o mundo vivem com dem\u00eancia, e a cada ano s\u00e3o registrados quase\u00a010 milh\u00f5es de novos casos. A dem\u00eancia engloba uma s\u00e9rie de doen\u00e7as progressivas que afetam as capacidades de aten\u00e7\u00e3o, mem\u00f3ria &hellip; Continue lendo 55 mil novos casos de dem\u00eancia a cada ano no Brasil e 10 milh\u00f5es no mundo, diz OMS &rarr;\" \/>\n<meta property=\"og:url\" content=\"https:\/\/neuroforma.com.br\/novo\/55-mil-novos-casos-de-demencia-cada-ano-no-brasil-e-10-milhoes-no-mundo-diz-oms\/\" \/>\n<meta property=\"article:published_time\" content=\"2019-05-17T14:46:19+00:00\" \/>\n<meta property=\"article:modified_time\" content=\"2019-05-17T14:59:13+00:00\" \/>\n<meta property=\"og:image\" content=\"https:\/\/neuroforma.com.br\/novo\/wp-content\/uploads\/2019\/05\/homem-idoso.jpg\" \/>\n\t<meta property=\"og:image:width\" content=\"1000\" \/>\n\t<meta property=\"og:image:height\" content=\"667\" \/>\n\t<meta property=\"og:image:type\" content=\"image\/jpeg\" \/>\n<meta name=\"author\" content=\"admin\" \/>\n<meta name=\"twitter:label1\" content=\"Escrito por\" \/>\n\t<meta name=\"twitter:data1\" content=\"admin\" \/>\n\t<meta name=\"twitter:label2\" content=\"Est. tempo de leitura\" \/>\n\t<meta name=\"twitter:data2\" content=\"10 minutos\" \/>\n<script type=\"application\/ld+json\" class=\"yoast-schema-graph\">{\"@context\":\"https:\/\/schema.org\",\"@graph\":[{\"@type\":\"Article\",\"@id\":\"https:\/\/neuroforma.com.br\/novo\/55-mil-novos-casos-de-demencia-cada-ano-no-brasil-e-10-milhoes-no-mundo-diz-oms\/#article\",\"isPartOf\":{\"@id\":\"https:\/\/neuroforma.com.br\/novo\/55-mil-novos-casos-de-demencia-cada-ano-no-brasil-e-10-milhoes-no-mundo-diz-oms\/\"},\"author\":{\"name\":\"admin\",\"@id\":\"https:\/\/neuroforma.com.br\/novo\/#\/schema\/person\/12d211761dd8050314f7756a31961c56\"},\"headline\":\"55 mil novos casos de dem\u00eancia a cada ano no Brasil e 10 milh\u00f5es no mundo, diz OMS\",\"datePublished\":\"2019-05-17T14:46:19+00:00\",\"dateModified\":\"2019-05-17T14:59:13+00:00\",\"mainEntityOfPage\":{\"@id\":\"https:\/\/neuroforma.com.br\/novo\/55-mil-novos-casos-de-demencia-cada-ano-no-brasil-e-10-milhoes-no-mundo-diz-oms\/\"},\"wordCount\":1950,\"image\":{\"@id\":\"https:\/\/neuroforma.com.br\/novo\/55-mil-novos-casos-de-demencia-cada-ano-no-brasil-e-10-milhoes-no-mundo-diz-oms\/#primaryimage\"},\"thumbnailUrl\":\"https:\/\/neuroforma.com.br\/novo\/wp-content\/uploads\/2019\/05\/homem-idoso.jpg\",\"articleSection\":[\"Uncategorized\"],\"inLanguage\":\"pt-BR\"},{\"@type\":\"WebPage\",\"@id\":\"https:\/\/neuroforma.com.br\/novo\/55-mil-novos-casos-de-demencia-cada-ano-no-brasil-e-10-milhoes-no-mundo-diz-oms\/\",\"url\":\"https:\/\/neuroforma.com.br\/novo\/55-mil-novos-casos-de-demencia-cada-ano-no-brasil-e-10-milhoes-no-mundo-diz-oms\/\",\"name\":\"55 mil novos casos de dem\u00eancia a cada ano no Brasil e 10 milh\u00f5es no mundo, diz OMS -\",\"isPartOf\":{\"@id\":\"https:\/\/neuroforma.com.br\/novo\/#website\"},\"primaryImageOfPage\":{\"@id\":\"https:\/\/neuroforma.com.br\/novo\/55-mil-novos-casos-de-demencia-cada-ano-no-brasil-e-10-milhoes-no-mundo-diz-oms\/#primaryimage\"},\"image\":{\"@id\":\"https:\/\/neuroforma.com.br\/novo\/55-mil-novos-casos-de-demencia-cada-ano-no-brasil-e-10-milhoes-no-mundo-diz-oms\/#primaryimage\"},\"thumbnailUrl\":\"https:\/\/neuroforma.com.br\/novo\/wp-content\/uploads\/2019\/05\/homem-idoso.jpg\",\"datePublished\":\"2019-05-17T14:46:19+00:00\",\"dateModified\":\"2019-05-17T14:59:13+00:00\",\"author\":{\"@id\":\"https:\/\/neuroforma.com.br\/novo\/#\/schema\/person\/12d211761dd8050314f7756a31961c56\"},\"breadcrumb\":{\"@id\":\"https:\/\/neuroforma.com.br\/novo\/55-mil-novos-casos-de-demencia-cada-ano-no-brasil-e-10-milhoes-no-mundo-diz-oms\/#breadcrumb\"},\"inLanguage\":\"pt-BR\",\"potentialAction\":[{\"@type\":\"ReadAction\",\"target\":[\"https:\/\/neuroforma.com.br\/novo\/55-mil-novos-casos-de-demencia-cada-ano-no-brasil-e-10-milhoes-no-mundo-diz-oms\/\"]}]},{\"@type\":\"ImageObject\",\"inLanguage\":\"pt-BR\",\"@id\":\"https:\/\/neuroforma.com.br\/novo\/55-mil-novos-casos-de-demencia-cada-ano-no-brasil-e-10-milhoes-no-mundo-diz-oms\/#primaryimage\",\"url\":\"https:\/\/neuroforma.com.br\/novo\/wp-content\/uploads\/2019\/05\/homem-idoso.jpg\",\"contentUrl\":\"https:\/\/neuroforma.com.br\/novo\/wp-content\/uploads\/2019\/05\/homem-idoso.jpg\",\"width\":1000,\"height\":667},{\"@type\":\"BreadcrumbList\",\"@id\":\"https:\/\/neuroforma.com.br\/novo\/55-mil-novos-casos-de-demencia-cada-ano-no-brasil-e-10-milhoes-no-mundo-diz-oms\/#breadcrumb\",\"itemListElement\":[{\"@type\":\"ListItem\",\"position\":1,\"name\":\"Home\",\"item\":\"https:\/\/neuroforma.com.br\/novo\/\"},{\"@type\":\"ListItem\",\"position\":2,\"name\":\"55 mil novos casos de dem\u00eancia a cada ano no Brasil e 10 milh\u00f5es no mundo, diz OMS\"}]},{\"@type\":\"WebSite\",\"@id\":\"https:\/\/neuroforma.com.br\/novo\/#website\",\"url\":\"https:\/\/neuroforma.com.br\/novo\/\",\"name\":\"\",\"description\":\"\",\"potentialAction\":[{\"@type\":\"SearchAction\",\"target\":{\"@type\":\"EntryPoint\",\"urlTemplate\":\"https:\/\/neuroforma.com.br\/novo\/?s={search_term_string}\"},\"query-input\":{\"@type\":\"PropertyValueSpecification\",\"valueRequired\":true,\"valueName\":\"search_term_string\"}}],\"inLanguage\":\"pt-BR\"},{\"@type\":\"Person\",\"@id\":\"https:\/\/neuroforma.com.br\/novo\/#\/schema\/person\/12d211761dd8050314f7756a31961c56\",\"name\":\"admin\",\"image\":{\"@type\":\"ImageObject\",\"inLanguage\":\"pt-BR\",\"@id\":\"https:\/\/neuroforma.com.br\/novo\/#\/schema\/person\/image\/\",\"url\":\"https:\/\/secure.gravatar.com\/avatar\/78c99431103c8eac07c3e394450e82f604cfb9126e1520128d5a7033920b57e5?s=96&d=mm&r=g\",\"contentUrl\":\"https:\/\/secure.gravatar.com\/avatar\/78c99431103c8eac07c3e394450e82f604cfb9126e1520128d5a7033920b57e5?s=96&d=mm&r=g\",\"caption\":\"admin\"},\"url\":\"https:\/\/neuroforma.com.br\/novo\/author\/admin\/\"}]}<\/script>\n<!-- \/ Yoast SEO plugin. -->","yoast_head_json":{"title":"55 mil novos casos de dem\u00eancia a cada ano no Brasil e 10 milh\u00f5es no mundo, diz OMS -","robots":{"index":"index","follow":"follow","max-snippet":"max-snippet:-1","max-image-preview":"max-image-preview:large","max-video-preview":"max-video-preview:-1"},"canonical":"https:\/\/neuroforma.com.br\/novo\/55-mil-novos-casos-de-demencia-cada-ano-no-brasil-e-10-milhoes-no-mundo-diz-oms\/","og_locale":"pt_BR","og_type":"article","og_title":"55 mil novos casos de dem\u00eancia a cada ano no Brasil e 10 milh\u00f5es no mundo, diz OMS -","og_description":"Casos de dem\u00eancia v\u00e3o triplicar e chegar a 152 milh\u00f5es de pessoas at\u00e9 2050, diz OMS Mais de 50 milh\u00f5es de pessoas em todo o mundo vivem com dem\u00eancia, e a cada ano s\u00e3o registrados quase\u00a010 milh\u00f5es de novos casos. A dem\u00eancia engloba uma s\u00e9rie de doen\u00e7as progressivas que afetam as capacidades de aten\u00e7\u00e3o, mem\u00f3ria &hellip; Continue lendo 55 mil novos casos de dem\u00eancia a cada ano no Brasil e 10 milh\u00f5es no mundo, diz OMS &rarr;","og_url":"https:\/\/neuroforma.com.br\/novo\/55-mil-novos-casos-de-demencia-cada-ano-no-brasil-e-10-milhoes-no-mundo-diz-oms\/","article_published_time":"2019-05-17T14:46:19+00:00","article_modified_time":"2019-05-17T14:59:13+00:00","og_image":[{"width":1000,"height":667,"url":"https:\/\/neuroforma.com.br\/novo\/wp-content\/uploads\/2019\/05\/homem-idoso.jpg","type":"image\/jpeg"}],"author":"admin","twitter_misc":{"Escrito por":"admin","Est. tempo de leitura":"10 minutos"},"schema":{"@context":"https:\/\/schema.org","@graph":[{"@type":"Article","@id":"https:\/\/neuroforma.com.br\/novo\/55-mil-novos-casos-de-demencia-cada-ano-no-brasil-e-10-milhoes-no-mundo-diz-oms\/#article","isPartOf":{"@id":"https:\/\/neuroforma.com.br\/novo\/55-mil-novos-casos-de-demencia-cada-ano-no-brasil-e-10-milhoes-no-mundo-diz-oms\/"},"author":{"name":"admin","@id":"https:\/\/neuroforma.com.br\/novo\/#\/schema\/person\/12d211761dd8050314f7756a31961c56"},"headline":"55 mil novos casos de dem\u00eancia a cada ano no Brasil e 10 milh\u00f5es no mundo, diz OMS","datePublished":"2019-05-17T14:46:19+00:00","dateModified":"2019-05-17T14:59:13+00:00","mainEntityOfPage":{"@id":"https:\/\/neuroforma.com.br\/novo\/55-mil-novos-casos-de-demencia-cada-ano-no-brasil-e-10-milhoes-no-mundo-diz-oms\/"},"wordCount":1950,"image":{"@id":"https:\/\/neuroforma.com.br\/novo\/55-mil-novos-casos-de-demencia-cada-ano-no-brasil-e-10-milhoes-no-mundo-diz-oms\/#primaryimage"},"thumbnailUrl":"https:\/\/neuroforma.com.br\/novo\/wp-content\/uploads\/2019\/05\/homem-idoso.jpg","articleSection":["Uncategorized"],"inLanguage":"pt-BR"},{"@type":"WebPage","@id":"https:\/\/neuroforma.com.br\/novo\/55-mil-novos-casos-de-demencia-cada-ano-no-brasil-e-10-milhoes-no-mundo-diz-oms\/","url":"https:\/\/neuroforma.com.br\/novo\/55-mil-novos-casos-de-demencia-cada-ano-no-brasil-e-10-milhoes-no-mundo-diz-oms\/","name":"55 mil novos casos de dem\u00eancia a cada ano no Brasil e 10 milh\u00f5es no mundo, diz OMS -","isPartOf":{"@id":"https:\/\/neuroforma.com.br\/novo\/#website"},"primaryImageOfPage":{"@id":"https:\/\/neuroforma.com.br\/novo\/55-mil-novos-casos-de-demencia-cada-ano-no-brasil-e-10-milhoes-no-mundo-diz-oms\/#primaryimage"},"image":{"@id":"https:\/\/neuroforma.com.br\/novo\/55-mil-novos-casos-de-demencia-cada-ano-no-brasil-e-10-milhoes-no-mundo-diz-oms\/#primaryimage"},"thumbnailUrl":"https:\/\/neuroforma.com.br\/novo\/wp-content\/uploads\/2019\/05\/homem-idoso.jpg","datePublished":"2019-05-17T14:46:19+00:00","dateModified":"2019-05-17T14:59:13+00:00","author":{"@id":"https:\/\/neuroforma.com.br\/novo\/#\/schema\/person\/12d211761dd8050314f7756a31961c56"},"breadcrumb":{"@id":"https:\/\/neuroforma.com.br\/novo\/55-mil-novos-casos-de-demencia-cada-ano-no-brasil-e-10-milhoes-no-mundo-diz-oms\/#breadcrumb"},"inLanguage":"pt-BR","potentialAction":[{"@type":"ReadAction","target":["https:\/\/neuroforma.com.br\/novo\/55-mil-novos-casos-de-demencia-cada-ano-no-brasil-e-10-milhoes-no-mundo-diz-oms\/"]}]},{"@type":"ImageObject","inLanguage":"pt-BR","@id":"https:\/\/neuroforma.com.br\/novo\/55-mil-novos-casos-de-demencia-cada-ano-no-brasil-e-10-milhoes-no-mundo-diz-oms\/#primaryimage","url":"https:\/\/neuroforma.com.br\/novo\/wp-content\/uploads\/2019\/05\/homem-idoso.jpg","contentUrl":"https:\/\/neuroforma.com.br\/novo\/wp-content\/uploads\/2019\/05\/homem-idoso.jpg","width":1000,"height":667},{"@type":"BreadcrumbList","@id":"https:\/\/neuroforma.com.br\/novo\/55-mil-novos-casos-de-demencia-cada-ano-no-brasil-e-10-milhoes-no-mundo-diz-oms\/#breadcrumb","itemListElement":[{"@type":"ListItem","position":1,"name":"Home","item":"https:\/\/neuroforma.com.br\/novo\/"},{"@type":"ListItem","position":2,"name":"55 mil novos casos de dem\u00eancia a cada ano no Brasil e 10 milh\u00f5es no mundo, diz OMS"}]},{"@type":"WebSite","@id":"https:\/\/neuroforma.com.br\/novo\/#website","url":"https:\/\/neuroforma.com.br\/novo\/","name":"","description":"","potentialAction":[{"@type":"SearchAction","target":{"@type":"EntryPoint","urlTemplate":"https:\/\/neuroforma.com.br\/novo\/?s={search_term_string}"},"query-input":{"@type":"PropertyValueSpecification","valueRequired":true,"valueName":"search_term_string"}}],"inLanguage":"pt-BR"},{"@type":"Person","@id":"https:\/\/neuroforma.com.br\/novo\/#\/schema\/person\/12d211761dd8050314f7756a31961c56","name":"admin","image":{"@type":"ImageObject","inLanguage":"pt-BR","@id":"https:\/\/neuroforma.com.br\/novo\/#\/schema\/person\/image\/","url":"https:\/\/secure.gravatar.com\/avatar\/78c99431103c8eac07c3e394450e82f604cfb9126e1520128d5a7033920b57e5?s=96&d=mm&r=g","contentUrl":"https:\/\/secure.gravatar.com\/avatar\/78c99431103c8eac07c3e394450e82f604cfb9126e1520128d5a7033920b57e5?s=96&d=mm&r=g","caption":"admin"},"url":"https:\/\/neuroforma.com.br\/novo\/author\/admin\/"}]}},"_links":{"self":[{"href":"https:\/\/neuroforma.com.br\/novo\/wp-json\/wp\/v2\/posts\/4995","targetHints":{"allow":["GET"]}}],"collection":[{"href":"https:\/\/neuroforma.com.br\/novo\/wp-json\/wp\/v2\/posts"}],"about":[{"href":"https:\/\/neuroforma.com.br\/novo\/wp-json\/wp\/v2\/types\/post"}],"author":[{"embeddable":true,"href":"https:\/\/neuroforma.com.br\/novo\/wp-json\/wp\/v2\/users\/1"}],"replies":[{"embeddable":true,"href":"https:\/\/neuroforma.com.br\/novo\/wp-json\/wp\/v2\/comments?post=4995"}],"version-history":[{"count":5,"href":"https:\/\/neuroforma.com.br\/novo\/wp-json\/wp\/v2\/posts\/4995\/revisions"}],"predecessor-version":[{"id":5003,"href":"https:\/\/neuroforma.com.br\/novo\/wp-json\/wp\/v2\/posts\/4995\/revisions\/5003"}],"wp:featuredmedia":[{"embeddable":true,"href":"https:\/\/neuroforma.com.br\/novo\/wp-json\/wp\/v2\/media\/4998"}],"wp:attachment":[{"href":"https:\/\/neuroforma.com.br\/novo\/wp-json\/wp\/v2\/media?parent=4995"}],"wp:term":[{"taxonomy":"category","embeddable":true,"href":"https:\/\/neuroforma.com.br\/novo\/wp-json\/wp\/v2\/categories?post=4995"},{"taxonomy":"post_tag","embeddable":true,"href":"https:\/\/neuroforma.com.br\/novo\/wp-json\/wp\/v2\/tags?post=4995"}],"curies":[{"name":"wp","href":"https:\/\/api.w.org\/{rel}","templated":true}]}}